{"id":758,"date":"2013-03-23T14:57:47","date_gmt":"2013-03-23T13:57:47","guid":{"rendered":"http:\/\/www.radio-adapter.eu\/blog\/?p=758"},"modified":"2023-04-05T21:01:51","modified_gmt":"2023-04-05T19:01:51","slug":"autoradio-ausbau-opel-agila-bis-2004-anleitung","status":"publish","type":"post","link":"https:\/\/www.radio-adapter.eu\/blog\/2013\/03\/23\/autoradio-ausbau-opel-agila-bis-2004-anleitung\/","title":{"rendered":"Autoradio Ausbau Opel Agila bis 2004 Anleitung"},"content":{"rendered":"<h1><b>Opel Agila: Radio tauschen!<\/b><\/h1>\n<p>Beim <strong><b>Opel Agila<\/b><\/strong> ab 2000 &#8211; 2004 ist der Radiowechsel kein Problem. Man braucht nat\u00fcrlich einen entsprechenden Adapter sowie eine <a href=\"https:\/\/autoradio-einbau.eu\/product-category\/autoradio-einbauset\/opel-autoradio-einbauset\/\" target=\"_blank\" rel=\"noopener\">Opel Autoradio Einbauset<\/a> da die Opel-Radios gr\u00f6\u00dfer sind, als die \u00fcblichen DIN-Gr\u00f6\u00dfen von Zubeh\u00f6rradios.<\/p>\n<p>Mit dem neuen Radio k\u00f6nnen alle modernen Quellen genutzt werden.<\/p>\n<ul>\n<li><b>Installationszeit: Zirka 20 Minuten eine Werkstatt wird nicht ben\u00f6tigt!<\/b><\/li>\n<li><b>Ausbauwerkzeug:\u00a0 Sch<\/b><b>raubenzieher, Entriegelungsb\u00fcgel!<br \/>\n<\/b><\/li>\n<\/ul>\n<div>\n<dl id=\"attachment_368\">\n<dt><a href=\"http:\/\/www.radio-adapter.eu\/blog\/wp-content\/uploads\/2013\/03\/agilaradio.png\"><img loading=\"lazy\" decoding=\"async\" class=\"alignnone size-full wp-image-759\" src=\"http:\/\/www.radio-adapter.eu\/blog\/wp-content\/uploads\/2013\/03\/agilaradio.png\" alt=\"agilaradio\" width=\"600\" height=\"398\" \/><\/a><\/dt>\n<dd>Opel Agila Doppel DIN Radio<\/dd>\n<\/dl>\n<\/div>\n<p><!--more--><\/p>\n<div>\n<dl id=\"attachment_369\">\n<dt><a href=\"http:\/\/www.radio-adapter.eu\/blog\/wp-content\/uploads\/2013\/03\/agilaradio2.png\"><img loading=\"lazy\" decoding=\"async\" class=\"alignnone size-full wp-image-760\" src=\"http:\/\/www.radio-adapter.eu\/blog\/wp-content\/uploads\/2013\/03\/agilaradio2.png\" alt=\"agilaradio2\" width=\"600\" height=\"368\" \/><\/a><\/dt>\n<dt><\/dt>\n<dt><\/dt>\n<dt><a href=\"http:\/\/www.radio-adapter.eu\/blog\/wp-content\/uploads\/2013\/03\/car2003radio.png\"><img loading=\"lazy\" decoding=\"async\" class=\"alignnone size-full wp-image-761\" src=\"http:\/\/www.radio-adapter.eu\/blog\/wp-content\/uploads\/2013\/03\/car2003radio.png\" alt=\"car2003radio\" width=\"600\" height=\"316\" \/><\/a><\/dt>\n<dd>Opel Agila CAR2003 Radio<\/dd>\n<\/dl>\n<\/div>\n<p><a href=\"http:\/\/www.radio-adapter.eu\/blog\/wp-content\/uploads\/2013\/03\/opelccr2006web.png\"><img loading=\"lazy\" decoding=\"async\" src=\"http:\/\/www.radio-adapter.eu\/blog\/wp-content\/uploads\/2013\/03\/opelccr2006web.png\" alt=\"opelccr2006web\" width=\"600\" height=\"472\" \/><\/a><\/p>\n<p>Es kann auch ein Opel CCR 2006 Doppel DIN im Opel verbaut sein oder ein Opel CAR 2003 mit Fach!<\/p>\n<ul>\n<li><b>Schritt 1: Die zwei Entriegelungsb\u00fcgel in die runden L\u00f6cher rechts und links einf\u00fchren das Radio kann so gel\u00f6st werden.<br \/>\n<\/b><\/li>\n<\/ul>\n<div>\n<dl id=\"attachment_248\">\n<dt><a href=\"http:\/\/www.radio-adapter.eu\/blog\/wp-content\/uploads\/2013\/03\/cdr2005webentrieg.png\"><img loading=\"lazy\" decoding=\"async\" src=\"http:\/\/www.radio-adapter.eu\/blog\/wp-content\/uploads\/2013\/03\/cdr2005webentrieg.png\" alt=\"cdr2005webentrieg\" width=\"600\" height=\"472\" \/><\/a><\/dt>\n<\/dl>\n<\/div>\n<ul>\n<li><b>Opel Entriegelungsb\u00fcgel<br \/>\n<\/b><\/li>\n<\/ul>\n<div>\n<dl id=\"attachment_560\">\n<dt><a href=\"http:\/\/www.car-hifi-radio-adapter.eu\/entriegelungsbuegel\/opel-entriegelungsbuegel-fuer-orginal-radios.html\" target=\"_blank\" rel=\"noopener\"><img loading=\"lazy\" decoding=\"async\" src=\"http:\/\/www.radio-adapter.eu\/blog\/wp-content\/uploads\/2013\/03\/opelentrieneu.png\" alt=\"opelentrieneu\" width=\"600\" height=\"385\" \/><\/a><\/dt>\n<dd>Ausbauwerkzeug Opel Agila Autoradio<\/dd>\n<\/dl>\n<\/div>\n<ul>\n<li>\u00a0<b>Das Radio nach vorne rausziehen<\/b><\/li>\n<\/ul>\n<ul>\n<li><strong>Der Einbauschacht wird sichtbar auf der R\u00fcckseite des Radio die Adapter abstecken <\/strong><\/li>\n<\/ul>\n<ul>\n<li><strong>Antennenstecker und Radiostecker l\u00f6sen!<br \/>\n<\/strong><\/li>\n<\/ul>\n<p><a href=\"http:\/\/www.radio-adapter.eu\/blog\/wp-content\/uploads\/2013\/03\/cdrback.png\"><img loading=\"lazy\" decoding=\"async\" src=\"http:\/\/www.radio-adapter.eu\/blog\/wp-content\/uploads\/2013\/03\/cdrback.png\" alt=\"cdrback\" width=\"600\" height=\"250\" \/><\/a><\/p>\n<p><a href=\"http:\/\/www.radio-adapter.eu\/blog\/wp-content\/uploads\/2013\/03\/radiohinten.jpg\"><img loading=\"lazy\" decoding=\"async\" src=\"http:\/\/www.radio-adapter.eu\/blog\/wp-content\/uploads\/2013\/03\/radiohinten.jpg\" alt=\"radiohinten\" width=\"600\" height=\"215\" \/><\/a><\/p>\n<p><a href=\"http:\/\/www.radio-adapter.eu\/blog\/wp-content\/uploads\/2013\/03\/Steckerdetailiso.png\"><img loading=\"lazy\" decoding=\"async\" src=\"http:\/\/www.radio-adapter.eu\/blog\/wp-content\/uploads\/2013\/03\/Steckerdetailiso.png\" alt=\"Steckerdetailiso\" width=\"600\" height=\"350\" \/><\/a><\/p>\n<ul>\n<li><strong>Jetzt kann man mit dem Einbau des neuen Radios beginnen!<br \/>\n<\/strong><\/li>\n<\/ul>\n<ul>\n<li><b>Es k\u00f6nnen entweder Doppel DIN Radioblenden mit Fach oder reine Doppel DIN Radioblenden verbaut werden.<br \/>\n<\/b><\/li>\n<\/ul>\n<ul>\n<li><b>Um das neue Radio einzubauen braucht man einen Opel Radioadapter<br \/>\n<\/b><\/li>\n<\/ul>\n<ul>\n<li><b>Der Antennenstecker ist ein Iso Stecker im Opel Agila<br \/>\n<\/b><\/li>\n<\/ul>\n<p>Die meisten neuen Autoradios haben den DIN Antennenanschluss. Original ist ein Doppel DIN-Schacht Werksradio eingebaut die <a href=\"https:\/\/autoradio-einbau.eu\/product-category\/autoradio-einbauset\/opel-autoradio-einbauset\/\" target=\"_blank\" rel=\"noopener\">Opel Autoradio Einbauset<\/a> erm\u00f6glicht die Reduktion auf ein 1 DIN Format oder auch Doppel DIN Format und man kann jedes handels\u00fcbliche Nachr\u00fcstradio verbauen.<\/p>\n<p>Das sollte ein vern\u00fcnftiges Opel Corsa Radioeinbauset enthalten!<\/p>\n<ul>\n<li>Radioblende<\/li>\n<li>Radioadapter<\/li>\n<li>Antennenstecker <strong>ISO auf DIN<\/strong><b> Anschluss!<\/b><\/li>\n<li>Entriegelungsb\u00fcgel<\/li>\n<\/ul>\n<p>Man kann die Adapter auch einzeln kaufen das zahlt sich aber meiste weniger aus als gleich ein ganzen Einbauset zu bestellen.<\/p>\n<p>Passende Opel Agila A Autoradio Einbausets gibt es in zwei Farben, Dunkelsilber und Schwarz als <a href=\"https:\/\/autoradio-einbau.eu\/product\/opel-agila-a-radio-einbauset-1-din-2000-2004-mit-fach\/\">Opel Agila A Radio Einbauset 1 DIN 2000 \u2013 2004 mit Fach<\/a> von 2000 \u2013 2004 beide Einbausets enthalten alle erforderlichen Teile wie Radioblende, Anschlusskabel f\u00fcr das neue Radio, Entriegelungsb\u00fcgel und einen Antennenadapter von werksseitigen ISO Anschluss auf DIN. F\u00fcr den Einbau von Doppel DIN-Radios ist der Einbausatz <a href=\"https:\/\/autoradio-einbau.eu\/product\/opel-agila-a-autoradio-einbauset-doppel-din-2000-2004\/\">Opel Agila A Autoradio Einbauset Doppel DIN 2000 \u2013 2004<\/a> in drei Farben Anthrazit, Schwarz und Silber geeignet.<\/p>\n<h1>Einbausets: Im Opel Agila 2000 &#8211; 2004 hat das Cockpit unterschiedliche Farben<\/h1>\n<div><\/div>\n<div>\n<dl>\n<dt><a href=\"https:\/\/autoradio-einbau.eu\/product\/opel-agila-a-radio-einbauset-1-din-2000-2004-mit-fach\/\" target=\"_blank\" rel=\"noopener\"><img loading=\"lazy\" decoding=\"async\" src=\"http:\/\/www.radio-adapter.eu\/blog\/wp-content\/uploads\/2013\/03\/61120newset.jpg\" alt=\"61120newset\" width=\"567\" height=\"482\" \/><\/a><\/dt>\n<\/dl>\n<p>Opel Agila Radioblende Einbauset Schwarz<\/p>\n<\/div>\n<div>\n<dl id=\"attachment_377\">\n<dt><\/dt>\n<dt><\/dt>\n<dt><a href=\"https:\/\/autoradio-einbau.eu\/product\/opel-agila-a-radio-einbauset-1-din-2000-2004-mit-fach\/\" target=\"_blank\" rel=\"noopener\"><img loading=\"lazy\" decoding=\"async\" src=\"http:\/\/www.radio-adapter.eu\/blog\/wp-content\/uploads\/2013\/03\/61262newset.jpg\" alt=\"61262newset\" width=\"567\" height=\"482\" \/><\/a><\/dt>\n<dd>Opel Agila Radioblende Einbauset<br \/>\nDunkelsilber<\/dd>\n<\/dl>\n<\/div>\n<p><a href=\"https:\/\/autoradio-einbau.eu\/product\/opel-agila-a-autoradio-einbauset-doppel-din-2000-2004\/\" target=\"_blank\" rel=\"noopener\"><img loading=\"lazy\" decoding=\"async\" src=\"http:\/\/www.radio-adapter.eu\/blog\/wp-content\/uploads\/2013\/03\/63237DoppelDINBlechsetneu.jpg\" alt=\"63237DoppelDINBlechsetneu\" width=\"567\" height=\"482\" \/><\/a><\/p>\n<p>Opel Agila Doppel DIN Autoradioblende Silber Schwarz und Anthrazit ist auch erh\u00e4ltlich<\/p>\n<h1>Wie Sie den Doppel DIN Blechrahmen des Einbausatzes einbauen und konfigurieren erfahren Sie hier unter <a title=\"Permanent Link to Doppel DIN Autoradio Blechrahmen Einbauanleitung\" href=\"http:\/\/www.radio-adapter.eu\/blog\/doppel-din-autoradio-blechrahmen-einbauanleitung\/\" rel=\"bookmark\">Doppel DIN Autoradio Blechrahmen Einbauanleitung<\/a><\/h1>\n<h1>Einbautipps, Einbauanleitung:<\/h1>\n<ul>\n<li><strong>Im Lieferumfang des neuen Autoradios ist ein Blechrahmen enthalten! Dieser muss in die Blende geschoben werden siehe Foto und garantiert den festen Halt des neuen Radios.<\/strong><\/li>\n<\/ul>\n<p><a href=\"http:\/\/www.radio-adapter.eu\/blog\/wp-content\/uploads\/2013\/03\/Radioblende-rahmen.png\"><img loading=\"lazy\" decoding=\"async\" class=\"alignnone size-full wp-image-1698\" src=\"http:\/\/www.radio-adapter.eu\/blog\/wp-content\/uploads\/2013\/03\/Radioblende-rahmen.png\" alt=\"Blechrahmen in Autoradioblende schieben\" width=\"600\" height=\"560\" srcset=\"https:\/\/www.radio-adapter.eu\/blog\/wp-content\/uploads\/2013\/03\/Radioblende-rahmen.png 600w, https:\/\/www.radio-adapter.eu\/blog\/wp-content\/uploads\/2013\/03\/Radioblende-rahmen-510x476.png 510w, https:\/\/www.radio-adapter.eu\/blog\/wp-content\/uploads\/2013\/03\/Radioblende-rahmen-150x140.png 150w, https:\/\/www.radio-adapter.eu\/blog\/wp-content\/uploads\/2013\/03\/Radioblende-rahmen-300x280.png 300w\" sizes=\"auto, (max-width: 600px) 100vw, 600px\" \/><\/a><\/p>\n<ul>\n<li><strong>An den Seiten des Blechrahmen sind Zargen die sind zu verbiegen das der Blechrahmen einen festen Halt bekommt und nicht mehr aus der Blende rausrutschen kann.<\/strong><\/li>\n<\/ul>\n<p><a href=\"http:\/\/www.radio-adapter.eu\/blog\/wp-content\/uploads\/2013\/03\/Radioblene-rahmen2.png\"><img loading=\"lazy\" decoding=\"async\" class=\"alignnone size-full wp-image-1694\" src=\"http:\/\/www.radio-adapter.eu\/blog\/wp-content\/uploads\/2013\/03\/Radioblene-rahmen2.png\" alt=\"Zargen des Blechrahmens verbiegen\" width=\"600\" height=\"603\" srcset=\"https:\/\/www.radio-adapter.eu\/blog\/wp-content\/uploads\/2013\/03\/Radioblene-rahmen2.png 600w, https:\/\/www.radio-adapter.eu\/blog\/wp-content\/uploads\/2013\/03\/Radioblene-rahmen2-247x247.png 247w, https:\/\/www.radio-adapter.eu\/blog\/wp-content\/uploads\/2013\/03\/Radioblene-rahmen2-100x100.png 100w, https:\/\/www.radio-adapter.eu\/blog\/wp-content\/uploads\/2013\/03\/Radioblene-rahmen2-510x513.png 510w, https:\/\/www.radio-adapter.eu\/blog\/wp-content\/uploads\/2013\/03\/Radioblene-rahmen2-150x150.png 150w, https:\/\/www.radio-adapter.eu\/blog\/wp-content\/uploads\/2013\/03\/Radioblene-rahmen2-200x200.png 200w, https:\/\/www.radio-adapter.eu\/blog\/wp-content\/uploads\/2013\/03\/Radioblene-rahmen2-80x80.png 80w\" sizes=\"auto, (max-width: 600px) 100vw, 600px\" \/><\/a><\/p>\n<ul>\n<li><strong>Welchen Anschluss hat mein neues Autoradio ISO oder DIN Antennenanschluss!<\/strong><\/li>\n<\/ul>\n<p><a href=\"http:\/\/www.radio-adapter.eu\/blog\/wp-content\/uploads\/2013\/03\/Radioblene-rahmen31.png\"><img loading=\"lazy\" decoding=\"async\" class=\"alignnone size-full wp-image-1696\" src=\"http:\/\/www.radio-adapter.eu\/blog\/wp-content\/uploads\/2013\/03\/Radioblene-rahmen31.png\" alt=\"Antenneanschluss f\u00fcr Autoradios mit ISO\" width=\"600\" height=\"507\" srcset=\"https:\/\/www.radio-adapter.eu\/blog\/wp-content\/uploads\/2013\/03\/Radioblene-rahmen31.png 600w, https:\/\/www.radio-adapter.eu\/blog\/wp-content\/uploads\/2013\/03\/Radioblene-rahmen31-510x431.png 510w, https:\/\/www.radio-adapter.eu\/blog\/wp-content\/uploads\/2013\/03\/Radioblene-rahmen31-150x127.png 150w, https:\/\/www.radio-adapter.eu\/blog\/wp-content\/uploads\/2013\/03\/Radioblene-rahmen31-300x254.png 300w\" sizes=\"auto, (max-width: 600px) 100vw, 600px\" \/><\/a><\/p>\n<ul>\n<li><strong>Beispiel eines ISO Anschlusses am Antenneneingang des Autoradios!<\/strong><\/li>\n<\/ul>\n<p><a href=\"http:\/\/www.radio-adapter.eu\/blog\/wp-content\/uploads\/2013\/04\/leonradio2.png\"><img loading=\"lazy\" decoding=\"async\" class=\"alignnone size-full wp-image-1432\" src=\"http:\/\/www.radio-adapter.eu\/blog\/wp-content\/uploads\/2013\/04\/leonradio2.png\" alt=\"ISO Antennenstecker an der R\u00fcckseite des Radios\" width=\"600\" height=\"350\" srcset=\"https:\/\/www.radio-adapter.eu\/blog\/wp-content\/uploads\/2013\/04\/leonradio2.png 600w, https:\/\/www.radio-adapter.eu\/blog\/wp-content\/uploads\/2013\/04\/leonradio2-510x298.png 510w, https:\/\/www.radio-adapter.eu\/blog\/wp-content\/uploads\/2013\/04\/leonradio2-150x88.png 150w, https:\/\/www.radio-adapter.eu\/blog\/wp-content\/uploads\/2013\/04\/leonradio2-300x175.png 300w\" sizes=\"auto, (max-width: 600px) 100vw, 600px\" \/><\/a><\/p>\n<ul>\n<li><strong>Bei Autoradios mit DIN Antennenanschluss verwenden Sie den im Lieferumfang des Radioblendensets enthaltenen ISO zu DIN Antennenstecker und dr\u00fccken Ihnen in das Original Opel Antennenkabel mit ISO Anschluss.<\/strong><\/li>\n<\/ul>\n<p><a href=\"http:\/\/www.radio-adapter.eu\/blog\/wp-content\/uploads\/2013\/03\/Radioblene-rahmen4.png\"><img loading=\"lazy\" decoding=\"async\" class=\"alignnone size-full wp-image-1697\" src=\"http:\/\/www.radio-adapter.eu\/blog\/wp-content\/uploads\/2013\/03\/Radioblene-rahmen4.png\" alt=\"Radioblene-rahmen4\" width=\"600\" height=\"473\" srcset=\"https:\/\/www.radio-adapter.eu\/blog\/wp-content\/uploads\/2013\/03\/Radioblene-rahmen4.png 600w, https:\/\/www.radio-adapter.eu\/blog\/wp-content\/uploads\/2013\/03\/Radioblene-rahmen4-510x402.png 510w, https:\/\/www.radio-adapter.eu\/blog\/wp-content\/uploads\/2013\/03\/Radioblene-rahmen4-150x118.png 150w, https:\/\/www.radio-adapter.eu\/blog\/wp-content\/uploads\/2013\/03\/Radioblene-rahmen4-300x237.png 300w\" sizes=\"auto, (max-width: 600px) 100vw, 600px\" \/><\/a><\/p>\n<ul>\n<li><strong>Beispiel eines DIN Anschlusses am Antenneneingang des Autoradios!<\/strong><\/li>\n<\/ul>\n<p><a href=\"http:\/\/www.radio-adapter.eu\/blog\/wp-content\/uploads\/2013\/05\/Dinradio2.png\"><img loading=\"lazy\" decoding=\"async\" class=\"alignnone size-full wp-image-1457\" src=\"http:\/\/www.radio-adapter.eu\/blog\/wp-content\/uploads\/2013\/05\/Dinradio2.png\" alt=\"DIN Antennenanschluss am Autoradio\" width=\"600\" height=\"350\" srcset=\"https:\/\/www.radio-adapter.eu\/blog\/wp-content\/uploads\/2013\/05\/Dinradio2.png 600w, https:\/\/www.radio-adapter.eu\/blog\/wp-content\/uploads\/2013\/05\/Dinradio2-510x298.png 510w, https:\/\/www.radio-adapter.eu\/blog\/wp-content\/uploads\/2013\/05\/Dinradio2-150x88.png 150w, https:\/\/www.radio-adapter.eu\/blog\/wp-content\/uploads\/2013\/05\/Dinradio2-300x175.png 300w\" sizes=\"auto, (max-width: 600px) 100vw, 600px\" \/><\/a><\/p>\n","protected":false},"excerpt":{"rendered":"<p>Opel Agila: Radio tauschen! Beim Opel Agila ab 2000 &#8211; 2004 ist der Radiowechsel kein Problem. Man braucht nat\u00fcrlich einen entsprechenden Adapter sowie eine Opel Autoradio Einbauset da die Opel-Radios gr\u00f6\u00dfer sind, als die \u00fcblichen DIN-Gr\u00f6\u00dfen von Zubeh\u00f6rradios. Mit dem neuen Radio k\u00f6nnen alle modernen Quellen genutzt werden. Installationszeit: Zirka 20 Minuten eine Werkstatt wird [&#8230;]\n","protected":false},"author":2,"featured_media":765,"comment_status":"open","ping_status":"open","sticky":false,"template":"","format":"standard","meta":{"jetpack_post_was_ever_published":false,"_jetpack_newsletter_access":"","_jetpack_dont_email_post_to_subs":false,"_jetpack_newsletter_tier_id":0,"_jetpack_memberships_contains_paywalled_content":false,"_jetpack_memberships_contains_paid_content":false,"footnotes":"","jetpack_publicize_message":"","jetpack_publicize_feature_enabled":true,"jetpack_social_post_already_shared":false,"jetpack_social_options":{"image_generator_settings":{"template":"highway","default_image_id":0,"font":"","enabled":false},"version":2}},"categories":[3,12],"tags":[85,151,209,298,365,366,489,707,732,733,734,736,737,738,3001,757,758,759,760,762,856,944,1008,1133,1134,1224,1397],"class_list":["post-758","post","type-post","status-publish","format-standard","has-post-thumbnail","hentry","category-autoradio-einbauhilfe","category-opel-autoradio-einbauanleitungen","tag-anleitung-zum-radioausbau","tag-autoradio-ausbau-bei-opel-agila","tag-autoradio-einbauanleitung-opel-agila-2000-2004","tag-autoradio-tausch-opel-agila-2000-2004","tag-autoradio-tauschen-in-opel","tag-autoradio-tauschen-in-opel-agila","tag-einbauanleitung-autoradio-wechsel","tag-neues-radio-fur-opel-agila","tag-opel-agila-autoradio-einbauanleitung","tag-opel-agila-autoradio-tauschen","tag-opel-agila-cd-radio-2-din-tauschen","tag-opel-agila-doppel-din-radio-tauschen","tag-opel-agila-radio-tauschen","tag-opel-agila-radio-tauschen-2000-2004","tag-opel-autoradio-einbauanleitungen","tag-opel-autoradio-einbauen","tag-opel-autoradio-tauschen","tag-opel-car-2003-ausbau","tag-opel-ccr-2006-ausbau","tag-opel-cdr-2005-ausbau","tag-original-opel-agila-radio-ausbauen","tag-radio-bei-opel-agila-wechseln","tag-radio-einbau-opel-agila","tag-radiowechsel-opel-agila","tag-radiowechsel-opel-agila-2000-2004","tag-ratgeber-autoradio-opel-agila-tauschen","tag-wie-kann-ich-ein-autoradio-in-opel-agila-einbauen"],"jetpack_publicize_connections":[],"jetpack_featured_media_url":"","jetpack_shortlink":"https:\/\/wp.me\/p3srli-ce","jetpack_sharing_enabled":true,"jetpack_likes_enabled":true,"_links":{"self":[{"href":"https:\/\/www.radio-adapter.eu\/blog\/wp-json\/wp\/v2\/posts\/758","targetHints":{"allow":["GET"]}}],"collection":[{"href":"https:\/\/www.radio-adapter.eu\/blog\/wp-json\/wp\/v2\/posts"}],"about":[{"href":"https:\/\/www.radio-adapter.eu\/blog\/wp-json\/wp\/v2\/types\/post"}],"author":[{"embeddable":true,"href":"https:\/\/www.radio-adapter.eu\/blog\/wp-json\/wp\/v2\/users\/2"}],"replies":[{"embeddable":true,"href":"https:\/\/www.radio-adapter.eu\/blog\/wp-json\/wp\/v2\/comments?post=758"}],"version-history":[{"count":2,"href":"https:\/\/www.radio-adapter.eu\/blog\/wp-json\/wp\/v2\/posts\/758\/revisions"}],"predecessor-version":[{"id":14245,"href":"https:\/\/www.radio-adapter.eu\/blog\/wp-json\/wp\/v2\/posts\/758\/revisions\/14245"}],"wp:featuredmedia":[{"embeddable":true,"href":"https:\/\/www.radio-adapter.eu\/blog\/wp-json\/"}],"wp:attachment":[{"href":"https:\/\/www.radio-adapter.eu\/blog\/wp-json\/wp\/v2\/media?parent=758"}],"wp:term":[{"taxonomy":"category","embeddable":true,"href":"https:\/\/www.radio-adapter.eu\/blog\/wp-json\/wp\/v2\/categories?post=758"},{"taxonomy":"post_tag","embeddable":true,"href":"https:\/\/www.radio-adapter.eu\/blog\/wp-json\/wp\/v2\/tags?post=758"}],"curies":[{"name":"wp","href":"https:\/\/api.w.org\/{rel}","templated":true}]}}