{"id":4269,"date":"2015-08-25T20:12:04","date_gmt":"2015-08-25T18:12:04","guid":{"rendered":"http:\/\/www.radio-adapter.eu\/blog\/?p=4269"},"modified":"2022-05-14T18:15:58","modified_gmt":"2022-05-14T16:15:58","slug":"audi-lautsprecher-ausbauen-vorne-fuenftuerer","status":"publish","type":"post","link":"https:\/\/www.radio-adapter.eu\/blog\/2015\/08\/25\/audi-lautsprecher-ausbauen-vorne-fuenftuerer\/","title":{"rendered":"Audi A3 8P Lautsprecher ausbauen vorne im F\u00fcnft\u00fcrer"},"content":{"rendered":"<p>Mit dieser Anleitung kannst du die <strong>Audi A3 8P Lautsprecher ausbauen vorne im F\u00fcnft\u00fcrer<\/strong> und die T\u00fcrverkleidung demontieren, die Anleitung ist f\u00fcr Audi A3 8P von 2003 \u2013 2013. Bei dieser Gelegenheit sollte auch gleich ein besseres Lautsprechersystem in das Fahrzeug eingebaut werden. Mit der Zeit geben die Lautsprecher ab Werk den Geist auf oder fangen an zu kratzen, es ist nur eine kleine Grundausstattung an Werkzeug notwendig f\u00fcr die Arbeiten und ein ruhiger Stellplatz.<\/p>\n<p>Schritt f\u00fcr Schritt geht\u2019s los mit <em><strong>Audi A3 8P Lautsprecher ausbauen vorne im F\u00fcnft\u00fcrer<\/strong><\/em>, die Anleitung ist bebildert aber ohne Gew\u00e4hr, sie h\u00e4ngt immer vom einzelnen handwerklichen K\u00f6nnen des Anwenders ab.<\/p>\n<p>Willst du die Audi A3 Lautsprecher ausbauen in der Fahrerseite vorne muss die ganze T\u00fcrverkleidung abgenommen werden, nur so kommt man an die originalen <a href=\"https:\/\/auto-lautsprecher.eu\/product-category\/audi-auto-lautsprecher\/audi-a3-8p-lautsprecher\/\" target=\"_blank\" rel=\"noopener noreferrer\">Audi A3 8P Lautsprecher<\/a> hinter der T\u00fcrverkleidung heran.<\/p>\n<p>\u00a0<\/p>\n<h3>Ben\u00f6tigtes Werkzeug: Audi A3 8P Lautsprecher ausbauen vorne im F\u00fcnft\u00fcrer<\/h3>\n<ul>\n<li>Hebelwerkzeug<\/li>\n<li>Torx Schraubendreher Set<\/li>\n<\/ul>\n<figure class=\"figure alignalignnone\">\n<figure id=\"attachment_3864\" aria-describedby=\"caption-attachment-3864\" style=\"width: 600px\" class=\"wp-caption alignnone\"><a href=\"http:\/\/radio-adapter.eu\/produkt\/ausbau-werkzeug-fuer-tuerverkleidung-oder-autoradio\/\" target=\"_blank\" rel=\"noopener noreferrer\"><img loading=\"lazy\" decoding=\"async\" class=\"crazy_lazy crazy_lazy crazy_lazy crazy_lazy wp-image-3864 size-full\" title=\"Demontagehebel-T\u00fcrverkleidung \" src=\"http:\/\/www.radio-adapter.eu\/blog\/wp-content\/uploads\/2015\/08\/Demontagehebel-T\u00fcrverkleidung.jpg\" alt=\"Demontagehebel T\u00fcrverkleidung \" width=\"600\" height=\"170\" data-src=\"http:\/\/www.radio-adapter.eu\/blog\/wp-content\/uploads\/2015\/08\/Demontagehebel-T%C3%BCrverkleidung.jpg\" srcset=\"https:\/\/www.radio-adapter.eu\/blog\/wp-content\/uploads\/2015\/08\/Demontagehebel-T\u00fcrverkleidung.jpg 600w, https:\/\/www.radio-adapter.eu\/blog\/wp-content\/uploads\/2015\/08\/Demontagehebel-T\u00fcrverkleidung-510x145.jpg 510w, https:\/\/www.radio-adapter.eu\/blog\/wp-content\/uploads\/2015\/08\/Demontagehebel-T\u00fcrverkleidung-236x67.jpg 236w, https:\/\/www.radio-adapter.eu\/blog\/wp-content\/uploads\/2015\/08\/Demontagehebel-T\u00fcrverkleidung-300x85.jpg 300w, https:\/\/www.radio-adapter.eu\/blog\/wp-content\/uploads\/2015\/08\/Demontagehebel-T\u00fcrverkleidung-480x136.jpg 480w, https:\/\/www.radio-adapter.eu\/blog\/wp-content\/uploads\/2015\/08\/Demontagehebel-T\u00fcrverkleidung-151x43.jpg 151w, https:\/\/www.radio-adapter.eu\/blog\/wp-content\/uploads\/2015\/08\/Demontagehebel-T\u00fcrverkleidung-275x78.jpg 275w\" sizes=\"auto, (max-width: 600px) 100vw, 600px\" \/><\/a><figcaption id=\"caption-attachment-3864\" class=\"wp-caption-text\">Demontagehebel T\u00fcrverkleidung<\/figcaption><\/figure>\n<figcaption>Demontagehebel T\u00fcrverkleidung<\/figcaption>\n<\/figure>\n<p>\u00a0<\/p>\n<figure class=\"figure alignalignnone\">\n<figure id=\"attachment_3863\" aria-describedby=\"caption-attachment-3863\" style=\"width: 600px\" class=\"wp-caption alignnone\"><a href=\"http:\/\/radio-adapter.eu\/produkt\/ausbau-werkzeug-fuer-tuerverkleidung-oder-autoradio\/\" target=\"_blank\" rel=\"noopener noreferrer\"><img loading=\"lazy\" decoding=\"async\" class=\"crazy_lazy crazy_lazy crazy_lazy crazy_lazy wp-image-3863 size-full\" title=\"Demontagehebel-T\u00fcrgriff \" src=\"http:\/\/www.radio-adapter.eu\/blog\/wp-content\/uploads\/2015\/08\/Demontagehebel-T\u00fcrgriff.jpg\" alt=\"Demontagehebel T\u00fcrgriff \" width=\"600\" height=\"140\" data-src=\"http:\/\/www.radio-adapter.eu\/blog\/wp-content\/uploads\/2015\/08\/Demontagehebel-T%C3%BCrgriff.jpg\" srcset=\"https:\/\/www.radio-adapter.eu\/blog\/wp-content\/uploads\/2015\/08\/Demontagehebel-T\u00fcrgriff.jpg 600w, https:\/\/www.radio-adapter.eu\/blog\/wp-content\/uploads\/2015\/08\/Demontagehebel-T\u00fcrgriff-510x119.jpg 510w, https:\/\/www.radio-adapter.eu\/blog\/wp-content\/uploads\/2015\/08\/Demontagehebel-T\u00fcrgriff-236x55.jpg 236w, https:\/\/www.radio-adapter.eu\/blog\/wp-content\/uploads\/2015\/08\/Demontagehebel-T\u00fcrgriff-300x70.jpg 300w, https:\/\/www.radio-adapter.eu\/blog\/wp-content\/uploads\/2015\/08\/Demontagehebel-T\u00fcrgriff-480x112.jpg 480w, https:\/\/www.radio-adapter.eu\/blog\/wp-content\/uploads\/2015\/08\/Demontagehebel-T\u00fcrgriff-151x35.jpg 151w, https:\/\/www.radio-adapter.eu\/blog\/wp-content\/uploads\/2015\/08\/Demontagehebel-T\u00fcrgriff-275x64.jpg 275w\" sizes=\"auto, (max-width: 600px) 100vw, 600px\" \/><\/a><figcaption id=\"caption-attachment-3863\" class=\"wp-caption-text\">Demontagehebel T\u00fcrgriff<\/figcaption><\/figure>\n<p>\u00a0<\/p>\n<figcaption>Demontagehebel T\u00fcrgriff<\/figcaption>\n<\/figure>\n<h2>Demontage der Audi A3 8P T\u00fcrverkleidung vorne<\/h2>\n<p>Schritt 1: Zierleiste an der T\u00fcrverkleidung aushebeln<\/p>\n<figure id=\"attachment_4270\" aria-describedby=\"caption-attachment-4270\" style=\"width: 600px\" class=\"wp-caption alignalignnone\"><a href=\"http:\/\/www.radio-adapter.eu\/blog\/wp-content\/uploads\/2015\/08\/Audi-A3-8P-T\u00fcrverkleidung-Zierleiste-aushebeln.jpg\"><img loading=\"lazy\" decoding=\"async\" class=\"wp-image-4270 size-full\" src=\"http:\/\/www.radio-adapter.eu\/blog\/wp-content\/uploads\/2015\/08\/Audi-A3-8P-T\u00fcrverkleidung-Zierleiste-aushebeln.jpg\" alt=\"Audi A3 8P T\u00fcrverkleidung Zierleiste aushebeln\" width=\"600\" height=\"300\" srcset=\"https:\/\/www.radio-adapter.eu\/blog\/wp-content\/uploads\/2015\/08\/Audi-A3-8P-T\u00fcrverkleidung-Zierleiste-aushebeln.jpg 600w, https:\/\/www.radio-adapter.eu\/blog\/wp-content\/uploads\/2015\/08\/Audi-A3-8P-T\u00fcrverkleidung-Zierleiste-aushebeln-510x255.jpg 510w, https:\/\/www.radio-adapter.eu\/blog\/wp-content\/uploads\/2015\/08\/Audi-A3-8P-T\u00fcrverkleidung-Zierleiste-aushebeln-236x118.jpg 236w, https:\/\/www.radio-adapter.eu\/blog\/wp-content\/uploads\/2015\/08\/Audi-A3-8P-T\u00fcrverkleidung-Zierleiste-aushebeln-300x150.jpg 300w, https:\/\/www.radio-adapter.eu\/blog\/wp-content\/uploads\/2015\/08\/Audi-A3-8P-T\u00fcrverkleidung-Zierleiste-aushebeln-480x240.jpg 480w, https:\/\/www.radio-adapter.eu\/blog\/wp-content\/uploads\/2015\/08\/Audi-A3-8P-T\u00fcrverkleidung-Zierleiste-aushebeln-151x76.jpg 151w, https:\/\/www.radio-adapter.eu\/blog\/wp-content\/uploads\/2015\/08\/Audi-A3-8P-T\u00fcrverkleidung-Zierleiste-aushebeln-275x138.jpg 275w\" sizes=\"auto, (max-width: 600px) 100vw, 600px\" \/><\/a><figcaption id=\"caption-attachment-4270\" class=\"wp-caption-text\">Audi A3 8P T\u00fcrverkleidung Zierleiste aushebeln<\/figcaption><\/figure>\n<p>An der T\u00fcrverkleidung ist eine gro\u00dfe Dekorleiste an der Fahrer und Beifahrerseite die nur aufgesteckt ist. Sie wird mit den Demontagehebel f\u00fcr den T\u00fcrgriff ausgehebelt. Die Zierleiste ist an vier Stellen aufgesteckt.<\/p>\n<p>\u00a0<\/p>\n<figure id=\"attachment_4279\" aria-describedby=\"caption-attachment-4279\" style=\"width: 600px\" class=\"wp-caption alignalignnone\"><a href=\"http:\/\/www.radio-adapter.eu\/blog\/wp-content\/uploads\/2015\/08\/Audi-A3-8P-T\u00fcrgriff-Abdeckung-aushebeln-.jpg\"><img loading=\"lazy\" decoding=\"async\" class=\"wp-image-4279 size-full\" src=\"http:\/\/www.radio-adapter.eu\/blog\/wp-content\/uploads\/2015\/08\/Audi-A3-8P-T\u00fcrgriff-Abdeckung-aushebeln-.jpg\" alt=\"Audi A3 8P T\u00fcrgriff Abdeckung aushebeln\" width=\"600\" height=\"320\" srcset=\"https:\/\/www.radio-adapter.eu\/blog\/wp-content\/uploads\/2015\/08\/Audi-A3-8P-T\u00fcrgriff-Abdeckung-aushebeln-.jpg 600w, https:\/\/www.radio-adapter.eu\/blog\/wp-content\/uploads\/2015\/08\/Audi-A3-8P-T\u00fcrgriff-Abdeckung-aushebeln--510x272.jpg 510w, https:\/\/www.radio-adapter.eu\/blog\/wp-content\/uploads\/2015\/08\/Audi-A3-8P-T\u00fcrgriff-Abdeckung-aushebeln--236x126.jpg 236w, https:\/\/www.radio-adapter.eu\/blog\/wp-content\/uploads\/2015\/08\/Audi-A3-8P-T\u00fcrgriff-Abdeckung-aushebeln--300x160.jpg 300w, https:\/\/www.radio-adapter.eu\/blog\/wp-content\/uploads\/2015\/08\/Audi-A3-8P-T\u00fcrgriff-Abdeckung-aushebeln--480x256.jpg 480w, https:\/\/www.radio-adapter.eu\/blog\/wp-content\/uploads\/2015\/08\/Audi-A3-8P-T\u00fcrgriff-Abdeckung-aushebeln--151x81.jpg 151w, https:\/\/www.radio-adapter.eu\/blog\/wp-content\/uploads\/2015\/08\/Audi-A3-8P-T\u00fcrgriff-Abdeckung-aushebeln--275x147.jpg 275w\" sizes=\"auto, (max-width: 600px) 100vw, 600px\" \/><\/a><figcaption id=\"caption-attachment-4279\" class=\"wp-caption-text\">Audi A3 8P T\u00fcrgriff Abdeckung aushebeln<\/figcaption><\/figure>\n<p>Schritt 2: Am T\u00fcrgriff die Abdeckung aushebeln darunter befindet sich eine Torx T20 Schraube mit der die Verkleidung an dem T\u00fcrblech befestigt ist.<\/p>\n<p>\u00a0<\/p>\n<figure id=\"attachment_4280\" aria-describedby=\"caption-attachment-4280\" style=\"width: 600px\" class=\"wp-caption alignalignnone\"><a href=\"http:\/\/www.radio-adapter.eu\/blog\/wp-content\/uploads\/2015\/08\/Audi-A3-8P-T\u00fcrverkleidung-T\u00fcrgriff-Schraube-l\u00f6sen.jpg\"><img loading=\"lazy\" decoding=\"async\" class=\"wp-image-4280 size-full\" src=\"http:\/\/www.radio-adapter.eu\/blog\/wp-content\/uploads\/2015\/08\/Audi-A3-8P-T\u00fcrverkleidung-T\u00fcrgriff-Schraube-l\u00f6sen.jpg\" alt=\"Audi A3 8P T\u00fcrverkleidung T\u00fcrgriff Schraube l\u00f6sen\" width=\"600\" height=\"320\" srcset=\"https:\/\/www.radio-adapter.eu\/blog\/wp-content\/uploads\/2015\/08\/Audi-A3-8P-T\u00fcrverkleidung-T\u00fcrgriff-Schraube-l\u00f6sen.jpg 600w, https:\/\/www.radio-adapter.eu\/blog\/wp-content\/uploads\/2015\/08\/Audi-A3-8P-T\u00fcrverkleidung-T\u00fcrgriff-Schraube-l\u00f6sen-510x272.jpg 510w, https:\/\/www.radio-adapter.eu\/blog\/wp-content\/uploads\/2015\/08\/Audi-A3-8P-T\u00fcrverkleidung-T\u00fcrgriff-Schraube-l\u00f6sen-236x126.jpg 236w, https:\/\/www.radio-adapter.eu\/blog\/wp-content\/uploads\/2015\/08\/Audi-A3-8P-T\u00fcrverkleidung-T\u00fcrgriff-Schraube-l\u00f6sen-300x160.jpg 300w, https:\/\/www.radio-adapter.eu\/blog\/wp-content\/uploads\/2015\/08\/Audi-A3-8P-T\u00fcrverkleidung-T\u00fcrgriff-Schraube-l\u00f6sen-480x256.jpg 480w, https:\/\/www.radio-adapter.eu\/blog\/wp-content\/uploads\/2015\/08\/Audi-A3-8P-T\u00fcrverkleidung-T\u00fcrgriff-Schraube-l\u00f6sen-151x81.jpg 151w, https:\/\/www.radio-adapter.eu\/blog\/wp-content\/uploads\/2015\/08\/Audi-A3-8P-T\u00fcrverkleidung-T\u00fcrgriff-Schraube-l\u00f6sen-275x147.jpg 275w\" sizes=\"auto, (max-width: 600px) 100vw, 600px\" \/><\/a><figcaption id=\"caption-attachment-4280\" class=\"wp-caption-text\">Audi A3 8P T\u00fcrverkleidung T\u00fcrgriff Schraube l\u00f6sen<\/figcaption><\/figure>\n<p>Hier sind nochmals alle Befestigungspunkte der Verschraubungen der T\u00fcrverkleidung im Bild festgehalten. 1 x Schraube im T\u00fcrgriff, 1 x Schraube unterhalb der Fensterheber Automatik, 2 x Schraube unterhalb der T\u00fcrverkleidung.<\/p>\n<figure id=\"attachment_4289\" aria-describedby=\"caption-attachment-4289\" style=\"width: 600px\" class=\"wp-caption alignalignnone\"><a href=\"http:\/\/www.radio-adapter.eu\/blog\/wp-content\/uploads\/2015\/08\/Audi-A3-8P-T\u00fcrverkleidung-Befestigungspunkte-Schrauben-.jpg\"><img loading=\"lazy\" decoding=\"async\" class=\"wp-image-4289 size-full\" src=\"http:\/\/www.radio-adapter.eu\/blog\/wp-content\/uploads\/2015\/08\/Audi-A3-8P-T\u00fcrverkleidung-Befestigungspunkte-Schrauben-.jpg\" alt=\"Audi A3 8P T\u00fcrverkleidung Befestigungspunkte Schrauben\" width=\"600\" height=\"500\" srcset=\"https:\/\/www.radio-adapter.eu\/blog\/wp-content\/uploads\/2015\/08\/Audi-A3-8P-T\u00fcrverkleidung-Befestigungspunkte-Schrauben-.jpg 600w, https:\/\/www.radio-adapter.eu\/blog\/wp-content\/uploads\/2015\/08\/Audi-A3-8P-T\u00fcrverkleidung-Befestigungspunkte-Schrauben--510x425.jpg 510w, https:\/\/www.radio-adapter.eu\/blog\/wp-content\/uploads\/2015\/08\/Audi-A3-8P-T\u00fcrverkleidung-Befestigungspunkte-Schrauben--236x197.jpg 236w, https:\/\/www.radio-adapter.eu\/blog\/wp-content\/uploads\/2015\/08\/Audi-A3-8P-T\u00fcrverkleidung-Befestigungspunkte-Schrauben--300x250.jpg 300w, https:\/\/www.radio-adapter.eu\/blog\/wp-content\/uploads\/2015\/08\/Audi-A3-8P-T\u00fcrverkleidung-Befestigungspunkte-Schrauben--480x400.jpg 480w, https:\/\/www.radio-adapter.eu\/blog\/wp-content\/uploads\/2015\/08\/Audi-A3-8P-T\u00fcrverkleidung-Befestigungspunkte-Schrauben--151x126.jpg 151w, https:\/\/www.radio-adapter.eu\/blog\/wp-content\/uploads\/2015\/08\/Audi-A3-8P-T\u00fcrverkleidung-Befestigungspunkte-Schrauben--275x229.jpg 275w\" sizes=\"auto, (max-width: 600px) 100vw, 600px\" \/><\/a><figcaption id=\"caption-attachment-4289\" class=\"wp-caption-text\">Audi A3 8P T\u00fcrverkleidung Befestigungspunkte Schrauben<\/figcaption><\/figure>\n<p>Die T\u00fcrverkleidung hat an der R\u00fcckseite Befestigung Clips, um diese auszuhebeln empfiehlt sich ein Demontage Hebel sonst l\u00e4uft man Gefahr das die Clips beim Entfernen der T\u00fcrverkleidung brechen.<\/p>\n<figure id=\"attachment_4290\" aria-describedby=\"caption-attachment-4290\" style=\"width: 600px\" class=\"wp-caption alignalignnone\"><a href=\"http:\/\/www.radio-adapter.eu\/blog\/wp-content\/uploads\/2015\/08\/Audi-A3-8P-Befestigung-Clips-in-der-T\u00fcrverkleidung.jpg\"><img loading=\"lazy\" decoding=\"async\" class=\"wp-image-4290 size-full\" src=\"http:\/\/www.radio-adapter.eu\/blog\/wp-content\/uploads\/2015\/08\/Audi-A3-8P-Befestigung-Clips-in-der-T\u00fcrverkleidung.jpg\" alt=\"Audi A3 8P Befestigung Clips in der T\u00fcrverkleidung\" width=\"600\" height=\"300\" srcset=\"https:\/\/www.radio-adapter.eu\/blog\/wp-content\/uploads\/2015\/08\/Audi-A3-8P-Befestigung-Clips-in-der-T\u00fcrverkleidung.jpg 600w, https:\/\/www.radio-adapter.eu\/blog\/wp-content\/uploads\/2015\/08\/Audi-A3-8P-Befestigung-Clips-in-der-T\u00fcrverkleidung-510x255.jpg 510w, https:\/\/www.radio-adapter.eu\/blog\/wp-content\/uploads\/2015\/08\/Audi-A3-8P-Befestigung-Clips-in-der-T\u00fcrverkleidung-236x118.jpg 236w, https:\/\/www.radio-adapter.eu\/blog\/wp-content\/uploads\/2015\/08\/Audi-A3-8P-Befestigung-Clips-in-der-T\u00fcrverkleidung-300x150.jpg 300w, https:\/\/www.radio-adapter.eu\/blog\/wp-content\/uploads\/2015\/08\/Audi-A3-8P-Befestigung-Clips-in-der-T\u00fcrverkleidung-480x240.jpg 480w, https:\/\/www.radio-adapter.eu\/blog\/wp-content\/uploads\/2015\/08\/Audi-A3-8P-Befestigung-Clips-in-der-T\u00fcrverkleidung-151x76.jpg 151w, https:\/\/www.radio-adapter.eu\/blog\/wp-content\/uploads\/2015\/08\/Audi-A3-8P-Befestigung-Clips-in-der-T\u00fcrverkleidung-275x138.jpg 275w\" sizes=\"auto, (max-width: 600px) 100vw, 600px\" \/><\/a><figcaption id=\"caption-attachment-4290\" class=\"wp-caption-text\">Audi A3 8P Befestigung Clips in der T\u00fcrverkleidung<\/figcaption><\/figure>\n<p>Schritt 3: Bei <em>Audi A3 8P Lautsprecher ausbauen<\/em>. Um die Verkleidung zu l\u00f6sen sollte der Demontagehebel f\u00fcr die Entfernung der T\u00fcrverkleidung verwendet werden. Ohne einen solchen Hebel k\u00f6nnen die Clips brechen. Mit dem Hebel seitlich an den 5 Stellen der Clips reinfahren und lockern dann die T\u00fcrverkleidung mit einen Ruck nach oben hin entfernen. Achtung an der R\u00fcckseite sind noch Kabel dran.<\/p>\n<figure id=\"attachment_4291\" aria-describedby=\"caption-attachment-4291\" style=\"width: 730px\" class=\"wp-caption alignalignnone\"><a href=\"http:\/\/www.radio-adapter.eu\/blog\/wp-content\/uploads\/2015\/08\/Audi-A3-8P-T\u00fcrverkleidung-R\u00fcckseite-Positionen-der-Befestigung-Clips.jpg\"><img loading=\"lazy\" decoding=\"async\" class=\"wp-image-4291 size-full\" src=\"http:\/\/www.radio-adapter.eu\/blog\/wp-content\/uploads\/2015\/08\/Audi-A3-8P-T\u00fcrverkleidung-R\u00fcckseite-Positionen-der-Befestigung-Clips.jpg\" alt=\"Audi A3 8P T\u00fcrverkleidung R\u00fcckseite Positionen der Befestigung Clips\" width=\"730\" height=\"477\" srcset=\"https:\/\/www.radio-adapter.eu\/blog\/wp-content\/uploads\/2015\/08\/Audi-A3-8P-T\u00fcrverkleidung-R\u00fcckseite-Positionen-der-Befestigung-Clips.jpg 730w, https:\/\/www.radio-adapter.eu\/blog\/wp-content\/uploads\/2015\/08\/Audi-A3-8P-T\u00fcrverkleidung-R\u00fcckseite-Positionen-der-Befestigung-Clips-510x333.jpg 510w, https:\/\/www.radio-adapter.eu\/blog\/wp-content\/uploads\/2015\/08\/Audi-A3-8P-T\u00fcrverkleidung-R\u00fcckseite-Positionen-der-Befestigung-Clips-236x154.jpg 236w, https:\/\/www.radio-adapter.eu\/blog\/wp-content\/uploads\/2015\/08\/Audi-A3-8P-T\u00fcrverkleidung-R\u00fcckseite-Positionen-der-Befestigung-Clips-300x196.jpg 300w, https:\/\/www.radio-adapter.eu\/blog\/wp-content\/uploads\/2015\/08\/Audi-A3-8P-T\u00fcrverkleidung-R\u00fcckseite-Positionen-der-Befestigung-Clips-600x392.jpg 600w, https:\/\/www.radio-adapter.eu\/blog\/wp-content\/uploads\/2015\/08\/Audi-A3-8P-T\u00fcrverkleidung-R\u00fcckseite-Positionen-der-Befestigung-Clips-480x314.jpg 480w, https:\/\/www.radio-adapter.eu\/blog\/wp-content\/uploads\/2015\/08\/Audi-A3-8P-T\u00fcrverkleidung-R\u00fcckseite-Positionen-der-Befestigung-Clips-151x99.jpg 151w, https:\/\/www.radio-adapter.eu\/blog\/wp-content\/uploads\/2015\/08\/Audi-A3-8P-T\u00fcrverkleidung-R\u00fcckseite-Positionen-der-Befestigung-Clips-275x180.jpg 275w\" sizes=\"auto, (max-width: 730px) 100vw, 730px\" \/><\/a><figcaption id=\"caption-attachment-4291\" class=\"wp-caption-text\">Audi A3 8P T\u00fcrverkleidung R\u00fcckseite Positionen der Befestigung Clips<\/figcaption><\/figure>\n<p>Der Seilzug zum T\u00fcr\u00f6ffner muss gel\u00f6st werden er ist im T\u00fcr\u00f6ffner eingehackt sowie die elektrischen Steckverbindungen zur Kontrolllampe f\u00fcr die Zentralverriegelung.<\/p>\n<p>\u00a0<\/p>\n<figure id=\"attachment_4292\" aria-describedby=\"caption-attachment-4292\" style=\"width: 600px\" class=\"wp-caption alignalignnone\"><a href=\"http:\/\/www.radio-adapter.eu\/blog\/wp-content\/uploads\/2015\/08\/Audi-A3-8P-Bowdenzug-innen.jpg\"><img loading=\"lazy\" decoding=\"async\" class=\"wp-image-4292 size-full\" src=\"http:\/\/www.radio-adapter.eu\/blog\/wp-content\/uploads\/2015\/08\/Audi-A3-8P-Bowdenzug-innen.jpg\" alt=\"Audi A3 8P Bowdenzug innen\" width=\"600\" height=\"201\" srcset=\"https:\/\/www.radio-adapter.eu\/blog\/wp-content\/uploads\/2015\/08\/Audi-A3-8P-Bowdenzug-innen.jpg 600w, https:\/\/www.radio-adapter.eu\/blog\/wp-content\/uploads\/2015\/08\/Audi-A3-8P-Bowdenzug-innen-510x171.jpg 510w, https:\/\/www.radio-adapter.eu\/blog\/wp-content\/uploads\/2015\/08\/Audi-A3-8P-Bowdenzug-innen-236x79.jpg 236w, https:\/\/www.radio-adapter.eu\/blog\/wp-content\/uploads\/2015\/08\/Audi-A3-8P-Bowdenzug-innen-300x101.jpg 300w, https:\/\/www.radio-adapter.eu\/blog\/wp-content\/uploads\/2015\/08\/Audi-A3-8P-Bowdenzug-innen-480x161.jpg 480w, https:\/\/www.radio-adapter.eu\/blog\/wp-content\/uploads\/2015\/08\/Audi-A3-8P-Bowdenzug-innen-151x51.jpg 151w, https:\/\/www.radio-adapter.eu\/blog\/wp-content\/uploads\/2015\/08\/Audi-A3-8P-Bowdenzug-innen-275x92.jpg 275w\" sizes=\"auto, (max-width: 600px) 100vw, 600px\" \/><\/a><figcaption id=\"caption-attachment-4292\" class=\"wp-caption-text\">Audi A3 8P Bowdenzug innen<\/figcaption><\/figure>\n<p>Die originalen Lautsprecher vom Audi A3 sind mit einer Halterung an das T\u00fcrblech geschraubt. Um die Audi A3 Lautsprecher ausbauen zu k\u00f6nnen muss die Halterung entfernt werden vom gro\u00dfen Tieft\u00f6ner. Neue Lautsprecher werden dann mit neuen Lautsprecherringen an die T\u00fcre geschraubt.<\/p>\n<p>\u00a0<\/p>\n<figure id=\"attachment_4293\" aria-describedby=\"caption-attachment-4293\" style=\"width: 600px\" class=\"wp-caption alignalignnone\"><a href=\"http:\/\/www.radio-adapter.eu\/blog\/wp-content\/uploads\/2015\/08\/Audi-A3-8P-Lautsprecher-ausbauen.jpg\"><img loading=\"lazy\" decoding=\"async\" class=\"wp-image-4293 size-full\" src=\"http:\/\/www.radio-adapter.eu\/blog\/wp-content\/uploads\/2015\/08\/Audi-A3-8P-Lautsprecher-ausbauen.jpg\" alt=\"Audi A3 8P Lautsprecher ausbauen\" width=\"600\" height=\"300\" srcset=\"https:\/\/www.radio-adapter.eu\/blog\/wp-content\/uploads\/2015\/08\/Audi-A3-8P-Lautsprecher-ausbauen.jpg 600w, https:\/\/www.radio-adapter.eu\/blog\/wp-content\/uploads\/2015\/08\/Audi-A3-8P-Lautsprecher-ausbauen-510x255.jpg 510w, https:\/\/www.radio-adapter.eu\/blog\/wp-content\/uploads\/2015\/08\/Audi-A3-8P-Lautsprecher-ausbauen-236x118.jpg 236w, https:\/\/www.radio-adapter.eu\/blog\/wp-content\/uploads\/2015\/08\/Audi-A3-8P-Lautsprecher-ausbauen-300x150.jpg 300w, https:\/\/www.radio-adapter.eu\/blog\/wp-content\/uploads\/2015\/08\/Audi-A3-8P-Lautsprecher-ausbauen-480x240.jpg 480w, https:\/\/www.radio-adapter.eu\/blog\/wp-content\/uploads\/2015\/08\/Audi-A3-8P-Lautsprecher-ausbauen-151x76.jpg 151w, https:\/\/www.radio-adapter.eu\/blog\/wp-content\/uploads\/2015\/08\/Audi-A3-8P-Lautsprecher-ausbauen-275x138.jpg 275w\" sizes=\"auto, (max-width: 600px) 100vw, 600px\" \/><\/a><figcaption id=\"caption-attachment-4293\" class=\"wp-caption-text\">Audi A3 8P Lautsprecher ausbauen<\/figcaption><\/figure>\n<p>Im Audi A3 8P kann ein 2-Wege Lautsprechersystem verbaut werden. Welche <a href=\"http:\/\/www.radio-adapter.eu\/blog\/produkt-kategorie\/auto-lautsprecher-einbausets\/audi-lautsprecher-einbausets\/audi-a3-8p-lautsprecher-einbausets\/\" target=\"_blank\" rel=\"noopener noreferrer\">Audi A3 8P Lautsprecher Einbausets<\/a> sollte ich einbauen? Hier gibt es verschieden Qualit\u00e4tsstufen! Grunds\u00e4tzlich kann man in jeder Preisklasse etwas einbauen nur sollte man bedenken ob sich das auszahlt den Arbeitsaufwand zu betreiben um Lautsprecher einfachster Bauart zu installieren, die Qualitativ schlechter sind als die originalen Audi Lautsprecher. <a href=\"http:\/\/www.radio-adapter.eu\/blog\/category\/auto-lautsprecher-einbau\/wie-kann-ich-auto-lautsprecher-einbauen\/\" target=\"_blank\" rel=\"noopener noreferrer\">Wie kann ich Auto Lautsprecher einbauen<\/a> und die <em><strong>Audi A3 8P Lautsprecher ausbauen vorne im F\u00fcnft\u00fcrer<\/strong><\/em> hast du mit dieser Anleitung erfahren.<\/p>\n<p>\u00a0<\/p>\n<h2>Passende Lautsprecher Systeme:<\/h2>\n<p><a href=\"https:\/\/auto-lautsprecher.eu\/product\/audi-a3-8p-sportback-2-wege-lautsprecher-komplettset\/\" target=\"_blank\" rel=\"noopener\"><img loading=\"lazy\" decoding=\"async\" class=\"alignnone wp-image-8272 size-full\" src=\"http:\/\/www.radio-adapter.eu\/blog\/wp-content\/uploads\/2015\/08\/Audi-A3-8P-Sportback-Lautsprecher-vorne-hinten-F\u00fcnft\u00fcrer-C1-650.jpg\" alt=\"\" width=\"567\" height=\"482\" srcset=\"https:\/\/www.radio-adapter.eu\/blog\/wp-content\/uploads\/2015\/08\/Audi-A3-8P-Sportback-Lautsprecher-vorne-hinten-F\u00fcnft\u00fcrer-C1-650.jpg 567w, https:\/\/www.radio-adapter.eu\/blog\/wp-content\/uploads\/2015\/08\/Audi-A3-8P-Sportback-Lautsprecher-vorne-hinten-F\u00fcnft\u00fcrer-C1-650-510x434.jpg 510w, https:\/\/www.radio-adapter.eu\/blog\/wp-content\/uploads\/2015\/08\/Audi-A3-8P-Sportback-Lautsprecher-vorne-hinten-F\u00fcnft\u00fcrer-C1-650-236x201.jpg 236w, https:\/\/www.radio-adapter.eu\/blog\/wp-content\/uploads\/2015\/08\/Audi-A3-8P-Sportback-Lautsprecher-vorne-hinten-F\u00fcnft\u00fcrer-C1-650-300x255.jpg 300w, https:\/\/www.radio-adapter.eu\/blog\/wp-content\/uploads\/2015\/08\/Audi-A3-8P-Sportback-Lautsprecher-vorne-hinten-F\u00fcnft\u00fcrer-C1-650-480x408.jpg 480w, https:\/\/www.radio-adapter.eu\/blog\/wp-content\/uploads\/2015\/08\/Audi-A3-8P-Sportback-Lautsprecher-vorne-hinten-F\u00fcnft\u00fcrer-C1-650-566x481.jpg 566w, https:\/\/www.radio-adapter.eu\/blog\/wp-content\/uploads\/2015\/08\/Audi-A3-8P-Sportback-Lautsprecher-vorne-hinten-F\u00fcnft\u00fcrer-C1-650-151x128.jpg 151w, https:\/\/www.radio-adapter.eu\/blog\/wp-content\/uploads\/2015\/08\/Audi-A3-8P-Sportback-Lautsprecher-vorne-hinten-F\u00fcnft\u00fcrer-C1-650-275x234.jpg 275w\" sizes=\"auto, (max-width: 567px) 100vw, 567px\" \/><\/a><\/p>\n<p>\u00a0<\/p>\n<p><span style=\"border-radius: 2px; text-indent: 20px; width: auto; padding: 0px 4px 0px 0px; text-align: center; font: bold 11px\/20px 'Helvetica Neue',Helvetica,sans-serif; color: #ffffff; background: #bd081c no-repeat scroll 3px 50% \/ 14px 14px; position: absolute; opacity: 0.85; z-index: 8675309; display: none; cursor: pointer; top: 5179px; left: 20px;\">Merken<\/span><\/p>\n<p><span style=\"border-radius: 2px; text-indent: 20px; width: auto; padding: 0px 4px 0px 0px; text-align: center; font: bold 11px\/20px 'Helvetica Neue',Helvetica,sans-serif; color: #ffffff; background: #bd081c no-repeat scroll 3px 50% \/ 14px 14px; position: absolute; opacity: 1; z-index: 8675309; display: none; cursor: pointer;\">Merken<\/span><\/p>\n<p><span style=\"border-radius: 2px; text-indent: 20px; width: auto; padding: 0px 4px 0px 0px; text-align: center; font: bold 11px\/20px 'Helvetica Neue',Helvetica,sans-serif; color: #ffffff; background: #bd081c no-repeat scroll 3px 50% \/ 14px 14px; position: absolute; opacity: 0.85; z-index: 8675309; display: none; cursor: pointer; top: 5265px; left: 20px;\">Merken<\/span><\/p>\n\n\n<figure class=\"wp-block-image\"><a href=\"https:\/\/auto-lautsprecher.eu\/product\/audi-a3-8p-dreituerer-lautsprecher-set-vorne-und-hinten\/\" target=\"_blank\" rel=\"noreferrer noopener\"><img loading=\"lazy\" decoding=\"async\" width=\"567\" height=\"482\" src=\"http:\/\/www.radio-adapter.eu\/blog\/wp-content\/uploads\/2020\/01\/Audi-A3-8P-Sportback-Auto-Lautsprecher-Testsieger-vorne-hinten-ESK-ESX-165.5.jpg\" alt=\"\" class=\"wp-image-9110\" srcset=\"https:\/\/www.radio-adapter.eu\/blog\/wp-content\/uploads\/2020\/01\/Audi-A3-8P-Sportback-Auto-Lautsprecher-Testsieger-vorne-hinten-ESK-ESX-165.5.jpg 567w, https:\/\/www.radio-adapter.eu\/blog\/wp-content\/uploads\/2020\/01\/Audi-A3-8P-Sportback-Auto-Lautsprecher-Testsieger-vorne-hinten-ESK-ESX-165.5-510x434.jpg 510w, https:\/\/www.radio-adapter.eu\/blog\/wp-content\/uploads\/2020\/01\/Audi-A3-8P-Sportback-Auto-Lautsprecher-Testsieger-vorne-hinten-ESK-ESX-165.5-236x201.jpg 236w, https:\/\/www.radio-adapter.eu\/blog\/wp-content\/uploads\/2020\/01\/Audi-A3-8P-Sportback-Auto-Lautsprecher-Testsieger-vorne-hinten-ESK-ESX-165.5-300x255.jpg 300w, https:\/\/www.radio-adapter.eu\/blog\/wp-content\/uploads\/2020\/01\/Audi-A3-8P-Sportback-Auto-Lautsprecher-Testsieger-vorne-hinten-ESK-ESX-165.5-151x128.jpg 151w, https:\/\/www.radio-adapter.eu\/blog\/wp-content\/uploads\/2020\/01\/Audi-A3-8P-Sportback-Auto-Lautsprecher-Testsieger-vorne-hinten-ESK-ESX-165.5-275x234.jpg 275w, https:\/\/www.radio-adapter.eu\/blog\/wp-content\/uploads\/2020\/01\/Audi-A3-8P-Sportback-Auto-Lautsprecher-Testsieger-vorne-hinten-ESK-ESX-165.5-480x408.jpg 480w\" sizes=\"auto, (max-width: 567px) 100vw, 567px\" \/><\/a><\/figure>\n","protected":false},"excerpt":{"rendered":"<p>Mit dieser Anleitung kannst du die Audi A3 8P Lautsprecher ausbauen vorne im F\u00fcnft\u00fcrer und die T\u00fcrverkleidung demontieren, die Anleitung ist f\u00fcr Audi A3 8P von 2003 \u2013 2013. Bei dieser Gelegenheit sollte auch gleich ein besseres Lautsprechersystem in das Fahrzeug eingebaut werden. Mit der Zeit geben die Lautsprecher ab Werk den Geist auf oder [&#8230;]\n","protected":false},"author":2,"featured_media":4294,"comment_status":"open","ping_status":"open","sticky":false,"template":"","format":"standard","meta":{"jetpack_post_was_ever_published":false,"_jetpack_newsletter_access":"","_jetpack_dont_email_post_to_subs":false,"_jetpack_newsletter_tier_id":0,"_jetpack_memberships_contains_paywalled_content":false,"_jetpack_memberships_contains_paid_content":false,"footnotes":"","jetpack_publicize_message":"","jetpack_publicize_feature_enabled":true,"jetpack_social_post_already_shared":true,"jetpack_social_options":{"image_generator_settings":{"template":"highway","default_image_id":0,"font":"","enabled":false},"version":2}},"categories":[1,2178,2542,2048],"tags":[2826,2830,2831,2829,2825,2827,2823,2824,2822,2828],"class_list":["post-4269","post","type-post","status-publish","format-standard","has-post-thumbnail","hentry","category-allgemein","category-audi-lautsprecher-einbau","category-auto-lautsprecher-einbau","category-wie-kann-ich-auto-lautsprecher-einbauen","tag-audi-a3-8p-befestigung-clips-in-der-tuerverkleidung","tag-audi-a3-8p-lautsprecher-ausbauen","tag-audi-a3-8p-lautsprecher-wechseln","tag-audi-a3-8p-tuergriff-abdeckung-aushebeln","tag-audi-a3-8p-tuerverkleidung-ausbauen","tag-audi-a3-8p-tuerverkleidung-befestigungspunkte-schrauben","tag-audi-a3-8p-tuerverkleidung-demontieren","tag-audi-a3-8p-tuerverkleidung-entfernen","tag-audi-a3-8p-tuerverkleidung-zierleiste-aushebeln","tag-demontage-der-audi-a3-8p-tuerverkleidung-vorne"],"jetpack_publicize_connections":[],"jetpack_featured_media_url":"https:\/\/www.radio-adapter.eu\/blog\/wp-content\/uploads\/2015\/08\/Audi-A3-8P-2006.jpg","jetpack_shortlink":"https:\/\/wp.me\/p3srli-16R","jetpack_sharing_enabled":true,"jetpack_likes_enabled":true,"_links":{"self":[{"href":"https:\/\/www.radio-adapter.eu\/blog\/wp-json\/wp\/v2\/posts\/4269","targetHints":{"allow":["GET"]}}],"collection":[{"href":"https:\/\/www.radio-adapter.eu\/blog\/wp-json\/wp\/v2\/posts"}],"about":[{"href":"https:\/\/www.radio-adapter.eu\/blog\/wp-json\/wp\/v2\/types\/post"}],"author":[{"embeddable":true,"href":"https:\/\/www.radio-adapter.eu\/blog\/wp-json\/wp\/v2\/users\/2"}],"replies":[{"embeddable":true,"href":"https:\/\/www.radio-adapter.eu\/blog\/wp-json\/wp\/v2\/comments?post=4269"}],"version-history":[{"count":4,"href":"https:\/\/www.radio-adapter.eu\/blog\/wp-json\/wp\/v2\/posts\/4269\/revisions"}],"predecessor-version":[{"id":11711,"href":"https:\/\/www.radio-adapter.eu\/blog\/wp-json\/wp\/v2\/posts\/4269\/revisions\/11711"}],"wp:featuredmedia":[{"embeddable":true,"href":"https:\/\/www.radio-adapter.eu\/blog\/wp-json\/wp\/v2\/media\/4294"}],"wp:attachment":[{"href":"https:\/\/www.radio-adapter.eu\/blog\/wp-json\/wp\/v2\/media?parent=4269"}],"wp:term":[{"taxonomy":"category","embeddable":true,"href":"https:\/\/www.radio-adapter.eu\/blog\/wp-json\/wp\/v2\/categories?post=4269"},{"taxonomy":"post_tag","embeddable":true,"href":"https:\/\/www.radio-adapter.eu\/blog\/wp-json\/wp\/v2\/tags?post=4269"}],"curies":[{"name":"wp","href":"https:\/\/api.w.org\/{rel}","templated":true}]}}