{"id":3859,"date":"2015-08-15T00:52:14","date_gmt":"2015-08-14T22:52:14","guid":{"rendered":"http:\/\/www.radio-adapter.eu\/blog\/?p=3859"},"modified":"2022-05-14T22:33:40","modified_gmt":"2022-05-14T20:33:40","slug":"vw-touran-lautsprecher-ausbauen-in-den-hinteren-tueren","status":"publish","type":"post","link":"https:\/\/www.radio-adapter.eu\/blog\/2015\/08\/15\/vw-touran-lautsprecher-ausbauen-in-den-hinteren-tueren\/","title":{"rendered":"VW Touran Lautsprecher ausbauen in den hinteren T\u00fcren"},"content":{"rendered":"<p>Diese Anleitung bezieht sich auf <strong>VW Touran Lautsprecher ausbauen in den hinteren T\u00fcren<\/strong>, der VW Touran I wird seit 2003 \u2013 2015 angeboten. Es kommt der Zeitpunkt das der Lautsprecher kratzt oder ein besserer Sound erw\u00fcnscht ist. Es ist nur eine kleine Grundausstattung an Werkzeug notwendig und ein ruhiger Stellplatz.<\/p>\n<p>Schritt f\u00fcr Schritt geht\u2019s los bei <strong><em>VW Touran Lautsprecher ausbauen in den hinteren T\u00fcren<\/em><\/strong> die Anleitung ist bebildert aber ohne Gew\u00e4hr, sie h\u00e4ngt immer vom einzelnen handwerklichen K\u00f6nnen des Anwenders ab.<\/p>\n<p>Um die Lautsprecher ausbauen zu k\u00f6nnen muss die ganze T\u00fcrverkleidung abgenommen werden, nur so kommt man an <strong>die originalen <a href=\"https:\/\/auto-lautsprecher.eu\/product-category\/vw-auto-lautsprecher\/\" target=\"_blank\" rel=\"noopener\">VW Lautsprecher<\/a> im Touran<\/strong> heran.<\/p>\n<h3>Ben\u00f6tigtes Werkzeug: <strong><em>F\u00fcr <\/em><em>VW Touran Lautsprecher ausbauen<\/em><\/strong><\/h3>\n<ul>\n<li>Hebelwerkzeug<\/li>\n<li>Torx Schraubendreher Set<\/li>\n<li>Bohrmaschine<\/li>\n<\/ul>\n<figure id=\"attachment_3863\" aria-describedby=\"caption-attachment-3863\" style=\"width: 600px\" class=\"wp-caption alignalignnone\"><a href=\"http:\/\/www.radio-adapter.eu\/blog\/wp-content\/uploads\/2015\/08\/Demontagehebel-T\u00fcrgriff.jpg\"><img loading=\"lazy\" decoding=\"async\" class=\"wp-image-3863 size-full\" src=\"http:\/\/www.radio-adapter.eu\/blog\/wp-content\/uploads\/2015\/08\/Demontagehebel-T\u00fcrgriff.jpg\" alt=\"Demontagehebel T\u00fcrgriff\" width=\"600\" height=\"140\" srcset=\"https:\/\/www.radio-adapter.eu\/blog\/wp-content\/uploads\/2015\/08\/Demontagehebel-T\u00fcrgriff.jpg 600w, https:\/\/www.radio-adapter.eu\/blog\/wp-content\/uploads\/2015\/08\/Demontagehebel-T\u00fcrgriff-510x119.jpg 510w, https:\/\/www.radio-adapter.eu\/blog\/wp-content\/uploads\/2015\/08\/Demontagehebel-T\u00fcrgriff-236x55.jpg 236w, https:\/\/www.radio-adapter.eu\/blog\/wp-content\/uploads\/2015\/08\/Demontagehebel-T\u00fcrgriff-300x70.jpg 300w, https:\/\/www.radio-adapter.eu\/blog\/wp-content\/uploads\/2015\/08\/Demontagehebel-T\u00fcrgriff-480x112.jpg 480w, https:\/\/www.radio-adapter.eu\/blog\/wp-content\/uploads\/2015\/08\/Demontagehebel-T\u00fcrgriff-151x35.jpg 151w, https:\/\/www.radio-adapter.eu\/blog\/wp-content\/uploads\/2015\/08\/Demontagehebel-T\u00fcrgriff-275x64.jpg 275w\" sizes=\"auto, (max-width: 600px) 100vw, 600px\" \/><\/a><figcaption id=\"caption-attachment-3863\" class=\"wp-caption-text\">Demontagehebel T\u00fcrgriff<\/figcaption><\/figure>\n<p>\u00a0<\/p>\n<figure id=\"attachment_3864\" aria-describedby=\"caption-attachment-3864\" style=\"width: 600px\" class=\"wp-caption alignalignnone\"><a href=\"http:\/\/www.radio-adapter.eu\/blog\/wp-content\/uploads\/2015\/08\/Demontagehebel-T\u00fcrverkleidung.jpg\"><img loading=\"lazy\" decoding=\"async\" class=\"wp-image-3864 size-full\" src=\"http:\/\/www.radio-adapter.eu\/blog\/wp-content\/uploads\/2015\/08\/Demontagehebel-T\u00fcrverkleidung.jpg\" alt=\"Demontagehebel T\u00fcrverkleidung\" width=\"600\" height=\"170\" srcset=\"https:\/\/www.radio-adapter.eu\/blog\/wp-content\/uploads\/2015\/08\/Demontagehebel-T\u00fcrverkleidung.jpg 600w, https:\/\/www.radio-adapter.eu\/blog\/wp-content\/uploads\/2015\/08\/Demontagehebel-T\u00fcrverkleidung-510x145.jpg 510w, https:\/\/www.radio-adapter.eu\/blog\/wp-content\/uploads\/2015\/08\/Demontagehebel-T\u00fcrverkleidung-236x67.jpg 236w, https:\/\/www.radio-adapter.eu\/blog\/wp-content\/uploads\/2015\/08\/Demontagehebel-T\u00fcrverkleidung-300x85.jpg 300w, https:\/\/www.radio-adapter.eu\/blog\/wp-content\/uploads\/2015\/08\/Demontagehebel-T\u00fcrverkleidung-480x136.jpg 480w, https:\/\/www.radio-adapter.eu\/blog\/wp-content\/uploads\/2015\/08\/Demontagehebel-T\u00fcrverkleidung-151x43.jpg 151w, https:\/\/www.radio-adapter.eu\/blog\/wp-content\/uploads\/2015\/08\/Demontagehebel-T\u00fcrverkleidung-275x78.jpg 275w\" sizes=\"auto, (max-width: 600px) 100vw, 600px\" \/><\/a><figcaption id=\"caption-attachment-3864\" class=\"wp-caption-text\">Demontagehebel T\u00fcrverkleidung<\/figcaption><\/figure>\n<h2>Demontage der VW Touran T\u00fcrverkleidung hinten<\/h2>\n<h3>Schritt 1: VW Touran T\u00fcrgriff hinten ausbauen<\/h3>\n<p>Als erstes muss der T\u00fcrgriff ge\u00f6ffnet werden darunter befinden sich zwei Torx 20 Schrauben mit der die Verkleidung an das T\u00fcrinnenblech geschraubt ist. Mit dem Demontagehebel f\u00fcr den T\u00fcrgriff seitlich entlang am T\u00fcrgriff die Abdeckung aushebeln.<\/p>\n<figure id=\"attachment_3865\" aria-describedby=\"caption-attachment-3865\" style=\"width: 600px\" class=\"wp-caption alignalignnone\"><a href=\"http:\/\/www.radio-adapter.eu\/blog\/wp-content\/uploads\/2015\/08\/VW-Touran-T\u00fcrgriff-hinten-demontieren.jpg\"><img loading=\"lazy\" decoding=\"async\" class=\"wp-image-3865 size-full\" src=\"http:\/\/www.radio-adapter.eu\/blog\/wp-content\/uploads\/2015\/08\/VW-Touran-T\u00fcrgriff-hinten-demontieren.jpg\" alt=\"VW-Touran-T\u00fcrgriff-hinten-demontieren\" width=\"600\" height=\"450\" srcset=\"https:\/\/www.radio-adapter.eu\/blog\/wp-content\/uploads\/2015\/08\/VW-Touran-T\u00fcrgriff-hinten-demontieren.jpg 600w, https:\/\/www.radio-adapter.eu\/blog\/wp-content\/uploads\/2015\/08\/VW-Touran-T\u00fcrgriff-hinten-demontieren-510x383.jpg 510w, https:\/\/www.radio-adapter.eu\/blog\/wp-content\/uploads\/2015\/08\/VW-Touran-T\u00fcrgriff-hinten-demontieren-236x177.jpg 236w, https:\/\/www.radio-adapter.eu\/blog\/wp-content\/uploads\/2015\/08\/VW-Touran-T\u00fcrgriff-hinten-demontieren-300x225.jpg 300w, https:\/\/www.radio-adapter.eu\/blog\/wp-content\/uploads\/2015\/08\/VW-Touran-T\u00fcrgriff-hinten-demontieren-480x360.jpg 480w, https:\/\/www.radio-adapter.eu\/blog\/wp-content\/uploads\/2015\/08\/VW-Touran-T\u00fcrgriff-hinten-demontieren-151x113.jpg 151w, https:\/\/www.radio-adapter.eu\/blog\/wp-content\/uploads\/2015\/08\/VW-Touran-T\u00fcrgriff-hinten-demontieren-275x206.jpg 275w\" sizes=\"auto, (max-width: 600px) 100vw, 600px\" \/><\/a><figcaption id=\"caption-attachment-3865\" class=\"wp-caption-text\">VW Touran T\u00fcrgriff hinten demontieren<\/figcaption><\/figure>\n<h3>Schritt 2: VW Touran T\u00fcr\u00f6ffner hinten ausbauen<\/h3>\n<p>Der T\u00fcr\u00f6ffner muss mit dem Demontagehebel f\u00fcr den T\u00fcrgriff ausgehebelt werden. An der R\u00fcckseite ist der Seilzug f\u00fcr den T\u00fcr\u00f6ffner nur eingehackt, den Seilzug aush\u00e4ngen.<\/p>\n<figure id=\"attachment_3866\" aria-describedby=\"caption-attachment-3866\" style=\"width: 600px\" class=\"wp-caption alignalignnone\"><a href=\"http:\/\/www.radio-adapter.eu\/blog\/wp-content\/uploads\/2015\/08\/VW-Touran-T\u00fcr\u00f6ffner-hinten-ausbauen.jpg\"><img loading=\"lazy\" decoding=\"async\" class=\"wp-image-3866 size-full\" src=\"http:\/\/www.radio-adapter.eu\/blog\/wp-content\/uploads\/2015\/08\/VW-Touran-T\u00fcr\u00f6ffner-hinten-ausbauen.jpg\" alt=\"VW Touran T\u00fcr\u00f6ffner hinten ausbauen\" width=\"600\" height=\"450\" srcset=\"https:\/\/www.radio-adapter.eu\/blog\/wp-content\/uploads\/2015\/08\/VW-Touran-T\u00fcr\u00f6ffner-hinten-ausbauen.jpg 600w, https:\/\/www.radio-adapter.eu\/blog\/wp-content\/uploads\/2015\/08\/VW-Touran-T\u00fcr\u00f6ffner-hinten-ausbauen-510x383.jpg 510w, https:\/\/www.radio-adapter.eu\/blog\/wp-content\/uploads\/2015\/08\/VW-Touran-T\u00fcr\u00f6ffner-hinten-ausbauen-236x177.jpg 236w, https:\/\/www.radio-adapter.eu\/blog\/wp-content\/uploads\/2015\/08\/VW-Touran-T\u00fcr\u00f6ffner-hinten-ausbauen-300x225.jpg 300w, https:\/\/www.radio-adapter.eu\/blog\/wp-content\/uploads\/2015\/08\/VW-Touran-T\u00fcr\u00f6ffner-hinten-ausbauen-480x360.jpg 480w, https:\/\/www.radio-adapter.eu\/blog\/wp-content\/uploads\/2015\/08\/VW-Touran-T\u00fcr\u00f6ffner-hinten-ausbauen-151x113.jpg 151w, https:\/\/www.radio-adapter.eu\/blog\/wp-content\/uploads\/2015\/08\/VW-Touran-T\u00fcr\u00f6ffner-hinten-ausbauen-275x206.jpg 275w\" sizes=\"auto, (max-width: 600px) 100vw, 600px\" \/><\/a><figcaption id=\"caption-attachment-3866\" class=\"wp-caption-text\">VW Touran T\u00fcr\u00f6ffner hinten ausbauen<\/figcaption><\/figure>\n<figure id=\"attachment_3873\" aria-describedby=\"caption-attachment-3873\" style=\"width: 600px\" class=\"wp-caption alignalignnone\"><a href=\"http:\/\/www.radio-adapter.eu\/blog\/wp-content\/uploads\/2015\/08\/VW-Touran-T\u00fcr\u00f6ffner-hinten.jpg\"><img loading=\"lazy\" decoding=\"async\" class=\"wp-image-3873 size-full\" src=\"http:\/\/www.radio-adapter.eu\/blog\/wp-content\/uploads\/2015\/08\/VW-Touran-T\u00fcr\u00f6ffner-hinten.jpg\" alt=\"VW Touran T\u00fcr\u00f6ffner hinten\" width=\"600\" height=\"250\" srcset=\"https:\/\/www.radio-adapter.eu\/blog\/wp-content\/uploads\/2015\/08\/VW-Touran-T\u00fcr\u00f6ffner-hinten.jpg 600w, https:\/\/www.radio-adapter.eu\/blog\/wp-content\/uploads\/2015\/08\/VW-Touran-T\u00fcr\u00f6ffner-hinten-510x213.jpg 510w, https:\/\/www.radio-adapter.eu\/blog\/wp-content\/uploads\/2015\/08\/VW-Touran-T\u00fcr\u00f6ffner-hinten-236x98.jpg 236w, https:\/\/www.radio-adapter.eu\/blog\/wp-content\/uploads\/2015\/08\/VW-Touran-T\u00fcr\u00f6ffner-hinten-300x125.jpg 300w, https:\/\/www.radio-adapter.eu\/blog\/wp-content\/uploads\/2015\/08\/VW-Touran-T\u00fcr\u00f6ffner-hinten-480x200.jpg 480w, https:\/\/www.radio-adapter.eu\/blog\/wp-content\/uploads\/2015\/08\/VW-Touran-T\u00fcr\u00f6ffner-hinten-151x63.jpg 151w, https:\/\/www.radio-adapter.eu\/blog\/wp-content\/uploads\/2015\/08\/VW-Touran-T\u00fcr\u00f6ffner-hinten-275x115.jpg 275w\" sizes=\"auto, (max-width: 600px) 100vw, 600px\" \/><\/a><figcaption id=\"caption-attachment-3873\" class=\"wp-caption-text\">VW Touran T\u00fcr\u00f6ffner hinten<\/figcaption><\/figure>\n<h3>Schritt 3: VW Touran T\u00fcrverkleidung hinten ausbauen<\/h3>\n<p>An den hinteren T\u00fcren muss der Fensterheber Schalter ausgesteckt werden. Am besten rastet man den FH-Schalter mit dem Demontagehebel f\u00fcr T\u00fcrgriffe aus der Verkleidung aus und steckt ihn dann aus.<\/p>\n<figure id=\"attachment_3871\" aria-describedby=\"caption-attachment-3871\" style=\"width: 600px\" class=\"wp-caption alignalignnone\"><a href=\"http:\/\/www.radio-adapter.eu\/blog\/wp-content\/uploads\/2015\/08\/VW-Touran-Fensterheber-Schalter-aushebeln-hintere-T\u00fcre.jpg\"><img loading=\"lazy\" decoding=\"async\" class=\"wp-image-3871 size-full\" src=\"http:\/\/www.radio-adapter.eu\/blog\/wp-content\/uploads\/2015\/08\/VW-Touran-Fensterheber-Schalter-aushebeln-hintere-T\u00fcre.jpg\" alt=\"VW Touran Fensterheber Schalter aushebeln hintere T\u00fcre\" width=\"600\" height=\"450\" srcset=\"https:\/\/www.radio-adapter.eu\/blog\/wp-content\/uploads\/2015\/08\/VW-Touran-Fensterheber-Schalter-aushebeln-hintere-T\u00fcre.jpg 600w, https:\/\/www.radio-adapter.eu\/blog\/wp-content\/uploads\/2015\/08\/VW-Touran-Fensterheber-Schalter-aushebeln-hintere-T\u00fcre-510x383.jpg 510w, https:\/\/www.radio-adapter.eu\/blog\/wp-content\/uploads\/2015\/08\/VW-Touran-Fensterheber-Schalter-aushebeln-hintere-T\u00fcre-236x177.jpg 236w, https:\/\/www.radio-adapter.eu\/blog\/wp-content\/uploads\/2015\/08\/VW-Touran-Fensterheber-Schalter-aushebeln-hintere-T\u00fcre-300x225.jpg 300w, https:\/\/www.radio-adapter.eu\/blog\/wp-content\/uploads\/2015\/08\/VW-Touran-Fensterheber-Schalter-aushebeln-hintere-T\u00fcre-480x360.jpg 480w, https:\/\/www.radio-adapter.eu\/blog\/wp-content\/uploads\/2015\/08\/VW-Touran-Fensterheber-Schalter-aushebeln-hintere-T\u00fcre-151x113.jpg 151w, https:\/\/www.radio-adapter.eu\/blog\/wp-content\/uploads\/2015\/08\/VW-Touran-Fensterheber-Schalter-aushebeln-hintere-T\u00fcre-275x206.jpg 275w\" sizes=\"auto, (max-width: 600px) 100vw, 600px\" \/><\/a><figcaption id=\"caption-attachment-3871\" class=\"wp-caption-text\">VW Touran Fensterheber Schalter aushebeln hintere T\u00fcre<\/figcaption><\/figure>\n<p>Der n\u00e4chste Schritt ist um die VW Touran Lautsprecher ausbauen zu k\u00f6nnen ist bei der T\u00fcrverkleidung unterhalb die beiden Torx Schrauben zu l\u00f6sen. Erst dann kann dar Demontagehebel f\u00fcr die T\u00fcrverkleidung zum Einsatz kommen.<\/p>\n<figure id=\"attachment_3874\" aria-describedby=\"caption-attachment-3874\" style=\"width: 600px\" class=\"wp-caption alignalignnone\"><a href=\"http:\/\/www.radio-adapter.eu\/blog\/wp-content\/uploads\/2015\/08\/VW-Touran-T\u00fcrverkleidung-hinten-Verschraubung-unterhalb.jpg\"><img loading=\"lazy\" decoding=\"async\" class=\"wp-image-3874 size-full\" src=\"http:\/\/www.radio-adapter.eu\/blog\/wp-content\/uploads\/2015\/08\/VW-Touran-T\u00fcrverkleidung-hinten-Verschraubung-unterhalb.jpg\" alt=\"VW Touran T\u00fcrverkleidung hinten Verschraubung unterhalb\" width=\"600\" height=\"525\" srcset=\"https:\/\/www.radio-adapter.eu\/blog\/wp-content\/uploads\/2015\/08\/VW-Touran-T\u00fcrverkleidung-hinten-Verschraubung-unterhalb.jpg 600w, https:\/\/www.radio-adapter.eu\/blog\/wp-content\/uploads\/2015\/08\/VW-Touran-T\u00fcrverkleidung-hinten-Verschraubung-unterhalb-510x446.jpg 510w, https:\/\/www.radio-adapter.eu\/blog\/wp-content\/uploads\/2015\/08\/VW-Touran-T\u00fcrverkleidung-hinten-Verschraubung-unterhalb-236x207.jpg 236w, https:\/\/www.radio-adapter.eu\/blog\/wp-content\/uploads\/2015\/08\/VW-Touran-T\u00fcrverkleidung-hinten-Verschraubung-unterhalb-300x263.jpg 300w, https:\/\/www.radio-adapter.eu\/blog\/wp-content\/uploads\/2015\/08\/VW-Touran-T\u00fcrverkleidung-hinten-Verschraubung-unterhalb-480x420.jpg 480w, https:\/\/www.radio-adapter.eu\/blog\/wp-content\/uploads\/2015\/08\/VW-Touran-T\u00fcrverkleidung-hinten-Verschraubung-unterhalb-151x132.jpg 151w, https:\/\/www.radio-adapter.eu\/blog\/wp-content\/uploads\/2015\/08\/VW-Touran-T\u00fcrverkleidung-hinten-Verschraubung-unterhalb-275x241.jpg 275w\" sizes=\"auto, (max-width: 600px) 100vw, 600px\" \/><\/a><figcaption id=\"caption-attachment-3874\" class=\"wp-caption-text\">VW Touran T\u00fcrverkleidung hinten Verschraubung unterhalb<\/figcaption><\/figure>\n<p>Hier sind nochmals alle Befestigungsstellen der T\u00fcrverkleidung hinten angegeben. Insgesamt ist die Verkleidung mit 7 x Befestigung Clips und 4 x Verschraubung an dem T\u00fcrblech festgemacht. Mit dem Demontagehebel f\u00fcr die T\u00fcrverkleidung wird an den Stellen jedes Befestigung Clips seitlich reingefahren und der Clip so ausgehebelt.<\/p>\n<p>\u00a0<\/p>\n<figure id=\"attachment_3875\" aria-describedby=\"caption-attachment-3875\" style=\"width: 600px\" class=\"wp-caption alignalignnone\"><a href=\"http:\/\/www.radio-adapter.eu\/blog\/wp-content\/uploads\/2015\/08\/VW-Touran-T\u00fcrverkleidung-hinten-Befestigungen.jpg\"><img loading=\"lazy\" decoding=\"async\" class=\"wp-image-3875 size-full\" src=\"http:\/\/www.radio-adapter.eu\/blog\/wp-content\/uploads\/2015\/08\/VW-Touran-T\u00fcrverkleidung-hinten-Befestigungen.jpg\" alt=\"VW Touran T\u00fcrverkleidung hinten Befestigungen\" width=\"600\" height=\"450\" srcset=\"https:\/\/www.radio-adapter.eu\/blog\/wp-content\/uploads\/2015\/08\/VW-Touran-T\u00fcrverkleidung-hinten-Befestigungen.jpg 600w, https:\/\/www.radio-adapter.eu\/blog\/wp-content\/uploads\/2015\/08\/VW-Touran-T\u00fcrverkleidung-hinten-Befestigungen-510x383.jpg 510w, https:\/\/www.radio-adapter.eu\/blog\/wp-content\/uploads\/2015\/08\/VW-Touran-T\u00fcrverkleidung-hinten-Befestigungen-236x177.jpg 236w, https:\/\/www.radio-adapter.eu\/blog\/wp-content\/uploads\/2015\/08\/VW-Touran-T\u00fcrverkleidung-hinten-Befestigungen-300x225.jpg 300w, https:\/\/www.radio-adapter.eu\/blog\/wp-content\/uploads\/2015\/08\/VW-Touran-T\u00fcrverkleidung-hinten-Befestigungen-480x360.jpg 480w, https:\/\/www.radio-adapter.eu\/blog\/wp-content\/uploads\/2015\/08\/VW-Touran-T\u00fcrverkleidung-hinten-Befestigungen-151x113.jpg 151w, https:\/\/www.radio-adapter.eu\/blog\/wp-content\/uploads\/2015\/08\/VW-Touran-T\u00fcrverkleidung-hinten-Befestigungen-275x206.jpg 275w\" sizes=\"auto, (max-width: 600px) 100vw, 600px\" \/><\/a><figcaption id=\"caption-attachment-3875\" class=\"wp-caption-text\">VW Touran T\u00fcrverkleidung hinten Befestigungen<\/figcaption><\/figure>\n<p>Durch den Demontagehebel sind die Befestigung Clips genau zu ergreifen und k\u00f6nnen so am wenigsten brechen.<\/p>\n<figure id=\"attachment_3876\" aria-describedby=\"caption-attachment-3876\" style=\"width: 600px\" class=\"wp-caption alignalignnone\"><a href=\"http:\/\/www.radio-adapter.eu\/blog\/wp-content\/uploads\/2015\/08\/VW-Touran-T\u00fcrverkleidung-Befestigung-Clips.jpg\"><img loading=\"lazy\" decoding=\"async\" class=\"wp-image-3876 size-full\" src=\"http:\/\/www.radio-adapter.eu\/blog\/wp-content\/uploads\/2015\/08\/VW-Touran-T\u00fcrverkleidung-Befestigung-Clips.jpg\" alt=\"VW Touran T\u00fcrverkleidung Befestigung Clips\" width=\"600\" height=\"300\" srcset=\"https:\/\/www.radio-adapter.eu\/blog\/wp-content\/uploads\/2015\/08\/VW-Touran-T\u00fcrverkleidung-Befestigung-Clips.jpg 600w, https:\/\/www.radio-adapter.eu\/blog\/wp-content\/uploads\/2015\/08\/VW-Touran-T\u00fcrverkleidung-Befestigung-Clips-510x255.jpg 510w, https:\/\/www.radio-adapter.eu\/blog\/wp-content\/uploads\/2015\/08\/VW-Touran-T\u00fcrverkleidung-Befestigung-Clips-236x118.jpg 236w, https:\/\/www.radio-adapter.eu\/blog\/wp-content\/uploads\/2015\/08\/VW-Touran-T\u00fcrverkleidung-Befestigung-Clips-300x150.jpg 300w, https:\/\/www.radio-adapter.eu\/blog\/wp-content\/uploads\/2015\/08\/VW-Touran-T\u00fcrverkleidung-Befestigung-Clips-480x240.jpg 480w, https:\/\/www.radio-adapter.eu\/blog\/wp-content\/uploads\/2015\/08\/VW-Touran-T\u00fcrverkleidung-Befestigung-Clips-151x76.jpg 151w, https:\/\/www.radio-adapter.eu\/blog\/wp-content\/uploads\/2015\/08\/VW-Touran-T\u00fcrverkleidung-Befestigung-Clips-275x138.jpg 275w\" sizes=\"auto, (max-width: 600px) 100vw, 600px\" \/><\/a><figcaption id=\"caption-attachment-3876\" class=\"wp-caption-text\">VW Touran T\u00fcrverkleidung Befestigung Clips<\/figcaption><\/figure>\n<p>Achtung s\u00e4mtliche Kabel h\u00e4ngen noch fest. An der R\u00fcckseite m\u00fcssen aber noch Stecker abgezogen werden damit man die Verkleidung weglegen kann. Auch der Stecker unterhalb an der roten Beleuchtung der Verkleidung.<\/p>\n<figure id=\"attachment_3877\" aria-describedby=\"caption-attachment-3877\" style=\"width: 600px\" class=\"wp-caption alignalignnone\"><a href=\"http:\/\/www.radio-adapter.eu\/blog\/wp-content\/uploads\/2015\/08\/VW-Touran-T\u00fcrverkleidung-Steckerverbindungen-R\u00fcckseite.jpg\"><img loading=\"lazy\" decoding=\"async\" class=\"wp-image-3877 size-full\" src=\"http:\/\/www.radio-adapter.eu\/blog\/wp-content\/uploads\/2015\/08\/VW-Touran-T\u00fcrverkleidung-Steckerverbindungen-R\u00fcckseite.jpg\" alt=\"VW Touran T\u00fcrverkleidung Steckerverbindungen R\u00fcckseite\" width=\"600\" height=\"260\" srcset=\"https:\/\/www.radio-adapter.eu\/blog\/wp-content\/uploads\/2015\/08\/VW-Touran-T\u00fcrverkleidung-Steckerverbindungen-R\u00fcckseite.jpg 600w, https:\/\/www.radio-adapter.eu\/blog\/wp-content\/uploads\/2015\/08\/VW-Touran-T\u00fcrverkleidung-Steckerverbindungen-R\u00fcckseite-510x221.jpg 510w, https:\/\/www.radio-adapter.eu\/blog\/wp-content\/uploads\/2015\/08\/VW-Touran-T\u00fcrverkleidung-Steckerverbindungen-R\u00fcckseite-236x102.jpg 236w, https:\/\/www.radio-adapter.eu\/blog\/wp-content\/uploads\/2015\/08\/VW-Touran-T\u00fcrverkleidung-Steckerverbindungen-R\u00fcckseite-300x130.jpg 300w, https:\/\/www.radio-adapter.eu\/blog\/wp-content\/uploads\/2015\/08\/VW-Touran-T\u00fcrverkleidung-Steckerverbindungen-R\u00fcckseite-480x208.jpg 480w, https:\/\/www.radio-adapter.eu\/blog\/wp-content\/uploads\/2015\/08\/VW-Touran-T\u00fcrverkleidung-Steckerverbindungen-R\u00fcckseite-151x65.jpg 151w, https:\/\/www.radio-adapter.eu\/blog\/wp-content\/uploads\/2015\/08\/VW-Touran-T\u00fcrverkleidung-Steckerverbindungen-R\u00fcckseite-275x119.jpg 275w\" sizes=\"auto, (max-width: 600px) 100vw, 600px\" \/><\/a><figcaption id=\"caption-attachment-3877\" class=\"wp-caption-text\">VW Touran T\u00fcrverkleidung Steckerverbindungen R\u00fcckseite<\/figcaption><\/figure>\n<h3>Schritt 4: VW Touran Lautsprecher ausbauen der Hocht\u00f6ner<\/h3>\n<p>Um den originalen VW Touran Hocht\u00f6ner hinten auszubauen m\u00fcssen die drei Befestigungshacken des Hocht\u00f6ner mit einer Drehbewegung ausgehebelt werden.<\/p>\n<p>\u00a0<\/p>\n<figure id=\"attachment_3878\" aria-describedby=\"caption-attachment-3878\" style=\"width: 600px\" class=\"wp-caption alignalignnone\"><a href=\"http:\/\/www.radio-adapter.eu\/blog\/wp-content\/uploads\/2015\/08\/VW-Touran-VW-Hocht\u00f6ner-hinten-ausbauen.jpg\"><img loading=\"lazy\" decoding=\"async\" class=\"wp-image-3878 size-full\" src=\"http:\/\/www.radio-adapter.eu\/blog\/wp-content\/uploads\/2015\/08\/VW-Touran-VW-Hocht\u00f6ner-hinten-ausbauen.jpg\" alt=\"VW Touran VW Hocht\u00f6ner hinten ausbauen\" width=\"600\" height=\"478\" srcset=\"https:\/\/www.radio-adapter.eu\/blog\/wp-content\/uploads\/2015\/08\/VW-Touran-VW-Hocht\u00f6ner-hinten-ausbauen.jpg 600w, https:\/\/www.radio-adapter.eu\/blog\/wp-content\/uploads\/2015\/08\/VW-Touran-VW-Hocht\u00f6ner-hinten-ausbauen-510x406.jpg 510w, https:\/\/www.radio-adapter.eu\/blog\/wp-content\/uploads\/2015\/08\/VW-Touran-VW-Hocht\u00f6ner-hinten-ausbauen-236x188.jpg 236w, https:\/\/www.radio-adapter.eu\/blog\/wp-content\/uploads\/2015\/08\/VW-Touran-VW-Hocht\u00f6ner-hinten-ausbauen-300x239.jpg 300w, https:\/\/www.radio-adapter.eu\/blog\/wp-content\/uploads\/2015\/08\/VW-Touran-VW-Hocht\u00f6ner-hinten-ausbauen-480x382.jpg 480w, https:\/\/www.radio-adapter.eu\/blog\/wp-content\/uploads\/2015\/08\/VW-Touran-VW-Hocht\u00f6ner-hinten-ausbauen-151x120.jpg 151w, https:\/\/www.radio-adapter.eu\/blog\/wp-content\/uploads\/2015\/08\/VW-Touran-VW-Hocht\u00f6ner-hinten-ausbauen-275x219.jpg 275w\" sizes=\"auto, (max-width: 600px) 100vw, 600px\" \/><\/a><figcaption id=\"caption-attachment-3878\" class=\"wp-caption-text\">VW Touran VW Hocht\u00f6ner hinten ausbauen<\/figcaption><\/figure>\n<p>Als letzter Teil wird der Lautsprecher an der Blechwand der zum Vorschein kommt ausgebaut. Der Stecker im Lautsprecher muss entfernt werden. Um neue Lautsprecher einzubauen m\u00fcssen die originalen Lautsprecher inclusive Halterung ausgebohrt werden. Dazu ist mindestens ein 10mm Bohrer geeignet um die K\u00f6pfe der Nieten zu entfernen. Jetzt hast du es geschafft mit der Anleitung <em><strong>VW Touran Lautsprecher ausbauen in den hinteren T\u00fcren<\/strong><\/em> alles einfacher fertigzustellen!<\/p>\n<p>\u00a0<\/p>\n<figure id=\"attachment_3879\" aria-describedby=\"caption-attachment-3879\" style=\"width: 600px\" class=\"wp-caption alignalignnone\"><a href=\"http:\/\/www.radio-adapter.eu\/blog\/wp-content\/uploads\/2015\/08\/VW-Touran-Lautsprecher-ausbauen-in-den-hinteren-T\u00fcren.jpg\"><img loading=\"lazy\" decoding=\"async\" class=\"wp-image-3879 size-full\" src=\"http:\/\/www.radio-adapter.eu\/blog\/wp-content\/uploads\/2015\/08\/VW-Touran-Lautsprecher-ausbauen-in-den-hinteren-T\u00fcren.jpg\" alt=\"VW Touran Lautsprecher ausbauen in den hinteren T\u00fcren\" width=\"600\" height=\"447\" srcset=\"https:\/\/www.radio-adapter.eu\/blog\/wp-content\/uploads\/2015\/08\/VW-Touran-Lautsprecher-ausbauen-in-den-hinteren-T\u00fcren.jpg 600w, https:\/\/www.radio-adapter.eu\/blog\/wp-content\/uploads\/2015\/08\/VW-Touran-Lautsprecher-ausbauen-in-den-hinteren-T\u00fcren-510x380.jpg 510w, https:\/\/www.radio-adapter.eu\/blog\/wp-content\/uploads\/2015\/08\/VW-Touran-Lautsprecher-ausbauen-in-den-hinteren-T\u00fcren-236x176.jpg 236w, https:\/\/www.radio-adapter.eu\/blog\/wp-content\/uploads\/2015\/08\/VW-Touran-Lautsprecher-ausbauen-in-den-hinteren-T\u00fcren-300x224.jpg 300w, https:\/\/www.radio-adapter.eu\/blog\/wp-content\/uploads\/2015\/08\/VW-Touran-Lautsprecher-ausbauen-in-den-hinteren-T\u00fcren-480x358.jpg 480w, https:\/\/www.radio-adapter.eu\/blog\/wp-content\/uploads\/2015\/08\/VW-Touran-Lautsprecher-ausbauen-in-den-hinteren-T\u00fcren-151x112.jpg 151w, https:\/\/www.radio-adapter.eu\/blog\/wp-content\/uploads\/2015\/08\/VW-Touran-Lautsprecher-ausbauen-in-den-hinteren-T\u00fcren-275x205.jpg 275w\" sizes=\"auto, (max-width: 600px) 100vw, 600px\" \/><\/a><figcaption id=\"caption-attachment-3879\" class=\"wp-caption-text\"><a href=\"https:\/\/auto-lautsprecher.eu\/product-category\/vw-auto-lautsprecher\/vw-touran-lautsprecher\/\" target=\"_blank\" rel=\"noopener\">VW Touran Lautsprecher<\/a> ausbauen in den hinteren T\u00fcren<\/figcaption><\/figure>\n<p><a href=\"http:\/\/www.radio-adapter.eu\/blog\/category\/auto-lautsprecher-einbau\/wie-kann-ich-auto-lautsprecher-einbauen\/\" target=\"_blank\" rel=\"noopener noreferrer\">Wie kann ich Auto Lautsprecher einbauen<\/a> im VW Touran erf\u00e4hrst du als gratis Einbauanleitung bei Bestellung des dazu passenden <a href=\"http:\/\/www.radio-adapter.eu\/blog\/produkt-kategorie\/auto-lautsprecher-einbausets\/vw-lautsprecher-einbausets\/vw-touran-lautsprecher-einbausets\/\" target=\"_blank\" rel=\"noopener noreferrer\">VW Touran Lautsprecher Einbausets<\/a>. Hier gibt es verschieden Qualit\u00e4tsstufen! Grunds\u00e4tzlich kann man in jeder Preisklasse etwas einbauen nur sollte man bedenken ob sich das auszahlt den Arbeitsaufwand zu betreiben um Lautsprecher von 15 \u2013 40 Euro zu installieren die Qualitativ schlechter sind als die originalen VW Touran Lautsprecher.<\/p>\n<h3>Passende Lautsprecher<\/h3>\n<p><a href=\"https:\/\/auto-lautsprecher.eu\/product\/vw-touran-i-2-wege-lautsprecher-200mm-top-performance\/\" target=\"_blank\" rel=\"noopener\"><img loading=\"lazy\" decoding=\"async\" width=\"500\" height=\"600\" class=\"alignalignnone size-full wp-image-10302\" src=\"https:\/\/www.radio-adapter.eu\/blog\/wp-content\/uploads\/2015\/08\/VW-Touran-Lautsprecher-vordere-Tueren.jpg\" srcset=\"https:\/\/www.radio-adapter.eu\/blog\/wp-content\/uploads\/2015\/08\/VW-Touran-Lautsprecher-vordere-Tueren.jpg 500w, https:\/\/www.radio-adapter.eu\/blog\/wp-content\/uploads\/2015\/08\/VW-Touran-Lautsprecher-vordere-Tueren-250x300.jpg 250w, https:\/\/www.radio-adapter.eu\/blog\/wp-content\/uploads\/2015\/08\/VW-Touran-Lautsprecher-vordere-Tueren-197x236.jpg 197w, https:\/\/www.radio-adapter.eu\/blog\/wp-content\/uploads\/2015\/08\/VW-Touran-Lautsprecher-vordere-Tueren-151x181.jpg 151w, https:\/\/www.radio-adapter.eu\/blog\/wp-content\/uploads\/2015\/08\/VW-Touran-Lautsprecher-vordere-Tueren-275x330.jpg 275w, https:\/\/www.radio-adapter.eu\/blog\/wp-content\/uploads\/2015\/08\/VW-Touran-Lautsprecher-vordere-Tueren-480x576.jpg 480w\" sizes=\"auto, (max-width: 500px) 100vw, 500px\" \/><\/a><\/p>\n<p><a href=\"https:\/\/auto-lautsprecher.eu\/product\/vw-touran-lautsprecher-der-extraklasse-vorne-und-hinten\/\" target=\"_blank\" rel=\"noopener\"><img loading=\"lazy\" decoding=\"async\" width=\"500\" height=\"600\" class=\"alignalignnone size-full wp-image-10303\" src=\"https:\/\/www.radio-adapter.eu\/blog\/wp-content\/uploads\/2015\/08\/VW-Touran-Lautsprecher-vorne-und-hinten.jpg\" srcset=\"https:\/\/www.radio-adapter.eu\/blog\/wp-content\/uploads\/2015\/08\/VW-Touran-Lautsprecher-vorne-und-hinten.jpg 500w, https:\/\/www.radio-adapter.eu\/blog\/wp-content\/uploads\/2015\/08\/VW-Touran-Lautsprecher-vorne-und-hinten-250x300.jpg 250w, https:\/\/www.radio-adapter.eu\/blog\/wp-content\/uploads\/2015\/08\/VW-Touran-Lautsprecher-vorne-und-hinten-197x236.jpg 197w, https:\/\/www.radio-adapter.eu\/blog\/wp-content\/uploads\/2015\/08\/VW-Touran-Lautsprecher-vorne-und-hinten-151x181.jpg 151w, https:\/\/www.radio-adapter.eu\/blog\/wp-content\/uploads\/2015\/08\/VW-Touran-Lautsprecher-vorne-und-hinten-275x330.jpg 275w, https:\/\/www.radio-adapter.eu\/blog\/wp-content\/uploads\/2015\/08\/VW-Touran-Lautsprecher-vorne-und-hinten-480x576.jpg 480w\" sizes=\"auto, (max-width: 500px) 100vw, 500px\" \/><\/a><\/p>\n<p><a href=\"http:\/\/www.radio-adapter.eu\/blog\/produkt\/vw-touran-lautsprecher-oberklasse-hintere-tueren\/\" target=\"_blank\" rel=\"noopener noreferrer\"><img loading=\"lazy\" decoding=\"async\" width=\"480\" height=\"436\" class=\"alignalignnone size-full wp-image-8679\" src=\"http:\/\/www.radio-adapter.eu\/blog\/wp-content\/uploads\/2016\/04\/VW-Touran-Lautsprecher-Oberklasse-hintere-T\u00fcren-1.jpg\" \/><\/a><\/p>\n<p>\u00a0<\/p>\n<p><span style=\"border-radius: 2px; text-indent: 20px; width: auto; padding: 0px 4px 0px 0px; text-align: center; font: bold 11px\/20px 'Helvetica Neue',Helvetica,sans-serif; color: #ffffff; background: #bd081c no-repeat scroll 3px 50% \/ 14px 14px; position: absolute; opacity: 0.85; z-index: 8675309; display: none; cursor: pointer; top: 6778px; left: 20px;\">Merken<\/span><\/p>\n\n\n<figure class=\"wp-block-image\"><a href=\"http:\/\/www.radio-adapter.eu\/blog\/produkt\/vw-touran-lautsprecher-bewertung-sehr-gut-hintere-tueren\/\" target=\"_blank\" rel=\"noreferrer noopener\"><img loading=\"lazy\" decoding=\"async\" width=\"480\" height=\"436\" src=\"http:\/\/www.radio-adapter.eu\/blog\/wp-content\/uploads\/2015\/08\/VW-Touran-Lautsprecher-Bewertung-sehr-gut-hintere-T\u00fcren-1.jpg\" alt=\"\" class=\"wp-image-9084\"\/><\/a><\/figure>\n","protected":false},"excerpt":{"rendered":"<p>Diese Anleitung bezieht sich auf VW Touran Lautsprecher ausbauen in den hinteren T\u00fcren, der VW Touran I wird seit 2003 \u2013 2015 angeboten. Es kommt der Zeitpunkt das der Lautsprecher kratzt oder ein besserer Sound erw\u00fcnscht ist. Es ist nur eine kleine Grundausstattung an Werkzeug notwendig und ein ruhiger Stellplatz. Schritt f\u00fcr Schritt geht\u2019s los [&#8230;]\n","protected":false},"author":2,"featured_media":3867,"comment_status":"open","ping_status":"open","sticky":false,"template":"","format":"standard","meta":{"jetpack_post_was_ever_published":false,"_jetpack_newsletter_access":"","_jetpack_dont_email_post_to_subs":false,"_jetpack_newsletter_tier_id":0,"_jetpack_memberships_contains_paywalled_content":false,"_jetpack_memberships_contains_paid_content":false,"footnotes":"","jetpack_publicize_message":"","jetpack_publicize_feature_enabled":true,"jetpack_social_post_already_shared":true,"jetpack_social_options":{"image_generator_settings":{"template":"highway","default_image_id":0,"font":"","enabled":false},"version":2}},"categories":[1,2542,2543,2048],"tags":[2739,2671,2740,2745,2673,2674,2669,2668,2672,2670],"class_list":["post-3859","post","type-post","status-publish","format-standard","has-post-thumbnail","hentry","category-allgemein","category-auto-lautsprecher-einbau","category-vw-lautsprecher-einbau","category-wie-kann-ich-auto-lautsprecher-einbauen","tag-auto-lautsprecher-einbau-tipps-vw-touran","tag-benoetigtes-werkzeug-fuer-vw-touran-lautsprecher-ausbauen","tag-lautsprecher-kratzen-in-vw-touran","tag-lautsprecherwechsel-vw-touran","tag-vw-touran-hochtoener-hinten-ausbauen","tag-vw-touran-tuergriff-ausbauen","tag-vw-touran-tuergriff-hinten-demontieren","tag-vw-touran-tueroeffner-hinten-ausbauen","tag-vw-touran-tuerverkleidung-entfernen","tag-vw-touran-tuerverkleidung-hinten-ausbauen"],"jetpack_publicize_connections":[],"jetpack_featured_media_url":"https:\/\/www.radio-adapter.eu\/blog\/wp-content\/uploads\/2015\/08\/VW-Touran-2008.jpg","jetpack_shortlink":"https:\/\/wp.me\/p3srli-10f","jetpack_sharing_enabled":true,"jetpack_likes_enabled":true,"_links":{"self":[{"href":"https:\/\/www.radio-adapter.eu\/blog\/wp-json\/wp\/v2\/posts\/3859","targetHints":{"allow":["GET"]}}],"collection":[{"href":"https:\/\/www.radio-adapter.eu\/blog\/wp-json\/wp\/v2\/posts"}],"about":[{"href":"https:\/\/www.radio-adapter.eu\/blog\/wp-json\/wp\/v2\/types\/post"}],"author":[{"embeddable":true,"href":"https:\/\/www.radio-adapter.eu\/blog\/wp-json\/wp\/v2\/users\/2"}],"replies":[{"embeddable":true,"href":"https:\/\/www.radio-adapter.eu\/blog\/wp-json\/wp\/v2\/comments?post=3859"}],"version-history":[{"count":8,"href":"https:\/\/www.radio-adapter.eu\/blog\/wp-json\/wp\/v2\/posts\/3859\/revisions"}],"predecessor-version":[{"id":11737,"href":"https:\/\/www.radio-adapter.eu\/blog\/wp-json\/wp\/v2\/posts\/3859\/revisions\/11737"}],"wp:featuredmedia":[{"embeddable":true,"href":"https:\/\/www.radio-adapter.eu\/blog\/wp-json\/wp\/v2\/media\/3867"}],"wp:attachment":[{"href":"https:\/\/www.radio-adapter.eu\/blog\/wp-json\/wp\/v2\/media?parent=3859"}],"wp:term":[{"taxonomy":"category","embeddable":true,"href":"https:\/\/www.radio-adapter.eu\/blog\/wp-json\/wp\/v2\/categories?post=3859"},{"taxonomy":"post_tag","embeddable":true,"href":"https:\/\/www.radio-adapter.eu\/blog\/wp-json\/wp\/v2\/tags?post=3859"}],"curies":[{"name":"wp","href":"https:\/\/api.w.org\/{rel}","templated":true}]}}