{"id":2253,"date":"2014-10-19T17:09:08","date_gmt":"2014-10-19T15:09:08","guid":{"rendered":"http:\/\/www.radio-adapter.eu\/blog\/?p=2253"},"modified":"2022-05-15T14:21:26","modified_gmt":"2022-05-15T12:21:26","slug":"lautsprecher-hinten-einbauen-passat-3bg","status":"publish","type":"post","link":"https:\/\/www.radio-adapter.eu\/blog\/2014\/10\/19\/lautsprecher-hinten-einbauen-passat-3bg\/","title":{"rendered":"Lautsprecher hinten einbauen Passat 3bg"},"content":{"rendered":"<h1 style=\"text-align: justify;\"><strong>VW Passat 3BG\/B5 neue Lautsprecher in den hinteren T\u00fcren!<\/strong><\/h1>\n<p style=\"text-align: justify;\">Irgendwann gibt einer der eingebauten Lautsprecher auf oder f\u00e4ngt an zu kratzen! Da stellt sich die Frage kann man die Lautsprecher ohne gro\u00dfen Aufwand selbst austauschen oder geht\u2019s nur mit Werkstatt.<\/p>\n<p>Vorausgesetzt man hat eine ruhigen Stellplatz oder Garage und eine Grundausstattung an Werkzeug, kann dem Wechsel nichts mehr im Wege stehen.<\/p>\n<p>Die Lautsprecher in den T\u00fcren sind fest hinter der Verkleidung eingebaut, deshalb ist das demontieren der T\u00fcrverkleidung notwendig um neue <a href=\"https:\/\/auto-lautsprecher.eu\/product-category\/vw-auto-lautsprecher\/vw-passat-b5-lautsprecher\/\" target=\"_blank\" rel=\"noopener\">VW Passat B5 Lautsprecher<\/a> zu installieren.<\/p>\n<h1 style=\"text-align: justify;\"><strong>Wie geht das im VW Passat 3BG\/B5 von 2000 \u2013 2005 in den hinteren T\u00fcren.<\/strong><\/h1>\n<p><!--more--><\/p>\n<h2><strong><a title=\"Passat 3BG Lautsprecher\" href=\"http:\/\/www.radio-adapter.eu\/home\/auto-lautsprecher\/vw\/passat-b5\/\" target=\"_blank\" rel=\"noopener\">Passat 3BG Lautsprecher<\/a> Gr\u00f6\u00dfe:<\/strong><\/h2>\n<p>Vorne 2 x 16,5 in den T\u00fcren + Hocht\u00f6ner<br \/>\nHinten 2 x 16,5 in den T\u00fcren + Hocht\u00f6ner<\/p>\n<h2><\/h2>\n<h2><strong>Arbeitsschritte:<\/strong><\/h2>\n<p>An der T\u00fcre m\u00fcssen der Griff und demontiert werden. An der T\u00fcre m\u00fcssen der Griff und die T\u00fcrschnalle demontiert werden. Das geht am besten mit einem Kunststoffhebel mit dem man in die Zwischenr\u00e4ume des T\u00fcrgriffes f\u00e4hrt, der ist geclipst und geht in zwei H\u00e4lften auf.<\/p>\n<figure id=\"attachment_2261\" aria-describedby=\"caption-attachment-2261\" style=\"width: 600px\" class=\"wp-caption alignnone\"><a href=\"http:\/\/www.radio-adapter.eu\/blog\/wp-content\/uploads\/2014\/10\/Passat-b5-T\u00fcrverkleidung-T\u00fcrgriff-aufhebeln.png\"><img loading=\"lazy\" decoding=\"async\" class=\"wp-image-2261 size-full\" src=\"http:\/\/www.radio-adapter.eu\/blog\/wp-content\/uploads\/2014\/10\/Passat-b5-T\u00fcrverkleidung-T\u00fcrgriff-aufhebeln.png\" alt=\"Passat-b5-T\u00fcrverkleidung-T\u00fcrgriff-aufhebeln\" width=\"600\" height=\"450\" srcset=\"https:\/\/www.radio-adapter.eu\/blog\/wp-content\/uploads\/2014\/10\/Passat-b5-T\u00fcrverkleidung-T\u00fcrgriff-aufhebeln.png 600w, https:\/\/www.radio-adapter.eu\/blog\/wp-content\/uploads\/2014\/10\/Passat-b5-T\u00fcrverkleidung-T\u00fcrgriff-aufhebeln-510x383.png 510w, https:\/\/www.radio-adapter.eu\/blog\/wp-content\/uploads\/2014\/10\/Passat-b5-T\u00fcrverkleidung-T\u00fcrgriff-aufhebeln-150x113.png 150w, https:\/\/www.radio-adapter.eu\/blog\/wp-content\/uploads\/2014\/10\/Passat-b5-T\u00fcrverkleidung-T\u00fcrgriff-aufhebeln-300x225.png 300w\" sizes=\"auto, (max-width: 600px) 100vw, 600px\" \/><\/a><figcaption id=\"caption-attachment-2261\" class=\"wp-caption-text\">Passat B5 T\u00fcrverkleidung den T\u00fcrgriff aufhebeln<\/figcaption><\/figure>\n<figure id=\"attachment_2262\" aria-describedby=\"caption-attachment-2262\" style=\"width: 600px\" class=\"wp-caption alignnone\"><a href=\"http:\/\/www.radio-adapter.eu\/blog\/wp-content\/uploads\/2014\/10\/Passat-griffe-hinten-aushebeln.png\"><img loading=\"lazy\" decoding=\"async\" class=\"wp-image-2262\" src=\"http:\/\/www.radio-adapter.eu\/blog\/wp-content\/uploads\/2014\/10\/Passat-griffe-hinten-aushebeln.png\" alt=\"Passat-griffe-hinten-aushebeln\" width=\"600\" height=\"351\" srcset=\"https:\/\/www.radio-adapter.eu\/blog\/wp-content\/uploads\/2014\/10\/Passat-griffe-hinten-aushebeln.png 647w, https:\/\/www.radio-adapter.eu\/blog\/wp-content\/uploads\/2014\/10\/Passat-griffe-hinten-aushebeln-510x298.png 510w, https:\/\/www.radio-adapter.eu\/blog\/wp-content\/uploads\/2014\/10\/Passat-griffe-hinten-aushebeln-150x88.png 150w, https:\/\/www.radio-adapter.eu\/blog\/wp-content\/uploads\/2014\/10\/Passat-griffe-hinten-aushebeln-300x175.png 300w, https:\/\/www.radio-adapter.eu\/blog\/wp-content\/uploads\/2014\/10\/Passat-griffe-hinten-aushebeln-600x351.png 600w\" sizes=\"auto, (max-width: 600px) 100vw, 600px\" \/><\/a><figcaption id=\"caption-attachment-2262\" class=\"wp-caption-text\">Passat T\u00fcrgriffe hinten aushebeln<\/figcaption><\/figure>\n<h1><strong>Der T\u00fcrgriff:<\/strong><\/h1>\n<p>Die T\u00fcrverkleidung ist mit zwei Schrauben im T\u00fcrgriff fest mit der Blechverkleidung der T\u00fcre verschraubt. An dem Griff im Innenteil werden zwei Schrauben sichtbar, diese m\u00fcssen gel\u00f6st werden.<\/p>\n<figure id=\"attachment_2264\" aria-describedby=\"caption-attachment-2264\" style=\"width: 600px\" class=\"wp-caption alignnone\"><a href=\"http:\/\/www.radio-adapter.eu\/blog\/wp-content\/uploads\/2014\/10\/Passat-B5-hinten-Tuerverkleidung-Schrauben.png\"><img loading=\"lazy\" decoding=\"async\" class=\"wp-image-2264 size-full\" src=\"http:\/\/www.radio-adapter.eu\/blog\/wp-content\/uploads\/2014\/10\/Passat-B5-hinten-Tuerverkleidung-Schrauben.png\" alt=\"Passat-B5-hinten-Tuerverkleidung-Schrauben\" width=\"600\" height=\"450\" srcset=\"https:\/\/www.radio-adapter.eu\/blog\/wp-content\/uploads\/2014\/10\/Passat-B5-hinten-Tuerverkleidung-Schrauben.png 600w, https:\/\/www.radio-adapter.eu\/blog\/wp-content\/uploads\/2014\/10\/Passat-B5-hinten-Tuerverkleidung-Schrauben-510x383.png 510w, https:\/\/www.radio-adapter.eu\/blog\/wp-content\/uploads\/2014\/10\/Passat-B5-hinten-Tuerverkleidung-Schrauben-150x113.png 150w, https:\/\/www.radio-adapter.eu\/blog\/wp-content\/uploads\/2014\/10\/Passat-B5-hinten-Tuerverkleidung-Schrauben-300x225.png 300w\" sizes=\"auto, (max-width: 600px) 100vw, 600px\" \/><\/a><figcaption id=\"caption-attachment-2264\" class=\"wp-caption-text\">Passat B5 hinten Tuerverkleidung Position der Schrauben<\/figcaption><\/figure>\n<figure id=\"attachment_2265\" aria-describedby=\"caption-attachment-2265\" style=\"width: 600px\" class=\"wp-caption alignnone\"><a href=\"http:\/\/www.radio-adapter.eu\/blog\/wp-content\/uploads\/2014\/10\/Passat-T\u00fcrgriff-schrauben-entfernen.jpg\"><img loading=\"lazy\" decoding=\"async\" class=\"wp-image-2265 size-full\" src=\"http:\/\/www.radio-adapter.eu\/blog\/wp-content\/uploads\/2014\/10\/Passat-T\u00fcrgriff-schrauben-entfernen.jpg\" alt=\"Passat-T\u00fcrgriff-schrauben-entfernen\" width=\"600\" height=\"326\" srcset=\"https:\/\/www.radio-adapter.eu\/blog\/wp-content\/uploads\/2014\/10\/Passat-T\u00fcrgriff-schrauben-entfernen.jpg 600w, https:\/\/www.radio-adapter.eu\/blog\/wp-content\/uploads\/2014\/10\/Passat-T\u00fcrgriff-schrauben-entfernen-510x277.jpg 510w, https:\/\/www.radio-adapter.eu\/blog\/wp-content\/uploads\/2014\/10\/Passat-T\u00fcrgriff-schrauben-entfernen-150x82.jpg 150w, https:\/\/www.radio-adapter.eu\/blog\/wp-content\/uploads\/2014\/10\/Passat-T\u00fcrgriff-schrauben-entfernen-300x163.jpg 300w\" sizes=\"auto, (max-width: 600px) 100vw, 600px\" \/><\/a><figcaption id=\"caption-attachment-2265\" class=\"wp-caption-text\">Passat T\u00fcrgriff Schrauben entfernen<\/figcaption><\/figure>\n<figure id=\"attachment_2267\" aria-describedby=\"caption-attachment-2267\" style=\"width: 600px\" class=\"wp-caption alignnone\"><a href=\"http:\/\/www.radio-adapter.eu\/blog\/wp-content\/uploads\/2014\/10\/Passat-T\u00fcrverkleidung-untere-Schraube.png\"><img loading=\"lazy\" decoding=\"async\" class=\"wp-image-2267 size-full\" src=\"http:\/\/www.radio-adapter.eu\/blog\/wp-content\/uploads\/2014\/10\/Passat-T\u00fcrverkleidung-untere-Schraube.png\" alt=\"Passat-T\u00fcrverkleidung-untere-Schraube\" width=\"600\" height=\"327\" srcset=\"https:\/\/www.radio-adapter.eu\/blog\/wp-content\/uploads\/2014\/10\/Passat-T\u00fcrverkleidung-untere-Schraube.png 600w, https:\/\/www.radio-adapter.eu\/blog\/wp-content\/uploads\/2014\/10\/Passat-T\u00fcrverkleidung-untere-Schraube-510x278.png 510w, https:\/\/www.radio-adapter.eu\/blog\/wp-content\/uploads\/2014\/10\/Passat-T\u00fcrverkleidung-untere-Schraube-150x82.png 150w, https:\/\/www.radio-adapter.eu\/blog\/wp-content\/uploads\/2014\/10\/Passat-T\u00fcrverkleidung-untere-Schraube-300x164.png 300w\" sizes=\"auto, (max-width: 600px) 100vw, 600px\" \/><\/a><figcaption id=\"caption-attachment-2267\" class=\"wp-caption-text\">Passat T\u00fcrverkleidung untere Schraube<\/figcaption><\/figure>\n<h1><strong>Die T\u00fcrverkleidung:<\/strong><\/h1>\n<p>Unten an der Verkleidung neben der Sicherheitsleuchte ist eine Schraube (20er Torx) die muss entfernt werden. Die Verkleidung selbst ist mit Klipsen gesteckt, mit dem Hebel seitlich die Verkleidung lockern. Einfach mal ziehen aber Vorsichtig und nach oben, die Klipse k\u00f6nnen abreisen. Auf der R\u00fcckseite der Verkleidung sind Stecker und den Seilzug zum T\u00fcrgriff abmachen, bevor die Verkleidung weggelegt werden kann.<\/p>\n<figure id=\"attachment_2269\" aria-describedby=\"caption-attachment-2269\" style=\"width: 600px\" class=\"wp-caption alignnone\"><a href=\"http:\/\/www.radio-adapter.eu\/blog\/wp-content\/uploads\/2014\/10\/T\u00fcrverkleidung-Position-Klipse-innen.png\"><img loading=\"lazy\" decoding=\"async\" class=\"wp-image-2269 size-full\" src=\"http:\/\/www.radio-adapter.eu\/blog\/wp-content\/uploads\/2014\/10\/T\u00fcrverkleidung-Position-Klipse-innen.png\" alt=\"T\u00fcrverkleidung-Position-Klipse-innen\" width=\"600\" height=\"629\" srcset=\"https:\/\/www.radio-adapter.eu\/blog\/wp-content\/uploads\/2014\/10\/T\u00fcrverkleidung-Position-Klipse-innen.png 600w, https:\/\/www.radio-adapter.eu\/blog\/wp-content\/uploads\/2014\/10\/T\u00fcrverkleidung-Position-Klipse-innen-510x535.png 510w, https:\/\/www.radio-adapter.eu\/blog\/wp-content\/uploads\/2014\/10\/T\u00fcrverkleidung-Position-Klipse-innen-143x150.png 143w, https:\/\/www.radio-adapter.eu\/blog\/wp-content\/uploads\/2014\/10\/T\u00fcrverkleidung-Position-Klipse-innen-286x300.png 286w\" sizes=\"auto, (max-width: 600px) 100vw, 600px\" \/><\/a><figcaption id=\"caption-attachment-2269\" class=\"wp-caption-text\">VW Passat T\u00fcrverkleidung Position Klipse innen<\/figcaption><\/figure>\n<figure id=\"attachment_2271\" aria-describedby=\"caption-attachment-2271\" style=\"width: 600px\" class=\"wp-caption alignnone\"><a href=\"http:\/\/www.radio-adapter.eu\/blog\/wp-content\/uploads\/2014\/10\/T\u00fcrverkleidung-innen-Lautsprecher.png\"><img loading=\"lazy\" decoding=\"async\" class=\"wp-image-2271 size-full\" src=\"http:\/\/www.radio-adapter.eu\/blog\/wp-content\/uploads\/2014\/10\/T\u00fcrverkleidung-innen-Lautsprecher.png\" alt=\"T\u00fcrverkleidung-innen-Lautsprecher\" width=\"600\" height=\"208\" srcset=\"https:\/\/www.radio-adapter.eu\/blog\/wp-content\/uploads\/2014\/10\/T\u00fcrverkleidung-innen-Lautsprecher.png 600w, https:\/\/www.radio-adapter.eu\/blog\/wp-content\/uploads\/2014\/10\/T\u00fcrverkleidung-innen-Lautsprecher-510x177.png 510w, https:\/\/www.radio-adapter.eu\/blog\/wp-content\/uploads\/2014\/10\/T\u00fcrverkleidung-innen-Lautsprecher-150x52.png 150w, https:\/\/www.radio-adapter.eu\/blog\/wp-content\/uploads\/2014\/10\/T\u00fcrverkleidung-innen-Lautsprecher-300x104.png 300w\" sizes=\"auto, (max-width: 600px) 100vw, 600px\" \/><\/a><figcaption id=\"caption-attachment-2271\" class=\"wp-caption-text\">Passat T\u00fcrverkleidung innen Lautsprecher hinten<\/figcaption><\/figure>\n<figure id=\"attachment_2273\" aria-describedby=\"caption-attachment-2273\" style=\"width: 600px\" class=\"wp-caption alignnone\"><a href=\"http:\/\/www.radio-adapter.eu\/blog\/wp-content\/uploads\/2014\/10\/Lautsprechering-entfernen_1.jpg\"><img loading=\"lazy\" decoding=\"async\" class=\"wp-image-2273 size-full\" src=\"http:\/\/www.radio-adapter.eu\/blog\/wp-content\/uploads\/2014\/10\/Lautsprechering-entfernen_1.jpg\" alt=\"Lautsprechering-entfernen_1\" width=\"600\" height=\"361\" srcset=\"https:\/\/www.radio-adapter.eu\/blog\/wp-content\/uploads\/2014\/10\/Lautsprechering-entfernen_1.jpg 600w, https:\/\/www.radio-adapter.eu\/blog\/wp-content\/uploads\/2014\/10\/Lautsprechering-entfernen_1-510x307.jpg 510w, https:\/\/www.radio-adapter.eu\/blog\/wp-content\/uploads\/2014\/10\/Lautsprechering-entfernen_1-150x90.jpg 150w, https:\/\/www.radio-adapter.eu\/blog\/wp-content\/uploads\/2014\/10\/Lautsprechering-entfernen_1-300x181.jpg 300w\" sizes=\"auto, (max-width: 600px) 100vw, 600px\" \/><\/a><figcaption id=\"caption-attachment-2273\" class=\"wp-caption-text\">Passat Lautsprecherring entfernen<\/figcaption><\/figure>\n<h1><strong>Der Einbau:<\/strong><\/h1>\n<p>Der <a title=\"VW Lautsprecher\" href=\"http:\/\/radio-adapter.eu\/home\/auto-lautsprecher\/vw\/\" target=\"_blank\" rel=\"noopener\">VW Lautsprecher<\/a> Einbau gelingt nur mit den passenden Adapterringen, die werden an demselben Stellen der T\u00fcre wieder befestigt. Im Lieferumfang des passenden <a href=\"http:\/\/www.radio-adapter.eu\/blog\/produkt-kategorie\/auto-lautsprecher-einbausets\/\" target=\"_blank\" rel=\"noopener\">Auto Lautsprecher Einbausets<\/a> sind auch die neuen Lautsprecherringe mit dabei um die Installation zu erm\u00f6glichen. Diese werden an denselben Stellen wieder angeschraubt.<\/p>\n<p>Wenn man sich entscheidet auch hinten neue Hocht\u00f6ner zu verbauen wird am besten der originale Platz verwendet. Man kann die Hocht\u00f6ner wieder einhacken die sind mit drei Hacken eingeschnappt. Bei Nachr\u00fcsten von hochwertigeren Lautsprechern wird der Hocht\u00f6ner eingeklebt da die nicht die VW Halterungen haben.<\/p>\n<figure id=\"attachment_2278\" aria-describedby=\"caption-attachment-2278\" style=\"width: 600px\" class=\"wp-caption alignnone\"><a href=\"http:\/\/www.radio-adapter.eu\/blog\/wp-content\/uploads\/2014\/10\/Hocht\u00f6ner-Position.png\"><img loading=\"lazy\" decoding=\"async\" class=\"wp-image-2278 size-full\" src=\"http:\/\/www.radio-adapter.eu\/blog\/wp-content\/uploads\/2014\/10\/Hocht\u00f6ner-Position.png\" alt=\"Hocht\u00f6ner-Position\" width=\"600\" height=\"203\" srcset=\"https:\/\/www.radio-adapter.eu\/blog\/wp-content\/uploads\/2014\/10\/Hocht\u00f6ner-Position.png 600w, https:\/\/www.radio-adapter.eu\/blog\/wp-content\/uploads\/2014\/10\/Hocht\u00f6ner-Position-510x173.png 510w, https:\/\/www.radio-adapter.eu\/blog\/wp-content\/uploads\/2014\/10\/Hocht\u00f6ner-Position-150x51.png 150w, https:\/\/www.radio-adapter.eu\/blog\/wp-content\/uploads\/2014\/10\/Hocht\u00f6ner-Position-300x102.png 300w\" sizes=\"auto, (max-width: 600px) 100vw, 600px\" \/><\/a><figcaption id=\"caption-attachment-2278\" class=\"wp-caption-text\">Passat Hocht\u00f6ner Position hinten<\/figcaption><\/figure>\n<p>Es kann ein 2 Wege System auch hinten im Passat verbaut werden, wenn nur der Tieft\u00f6ner kratzt k\u00f6nnen auch die nur ausgetauscht werden allerdings auf beiden Seiten. Die Frequenzweichen werden wieder hinter der T\u00fcrverkleidung installiert, es k\u00f6nne die originalen Lautsprecherkabel genommen werden, dazu muss ein Lautsprecheradapterkabel verwendet werden. Das Abschneiden der originalen Lautsprecherkabel wird vermieden die sind mit einen breiten Kunststoffstecker versehen.<\/p>\n<p><a href=\"http:\/\/www.radio-adapter.eu\/blog\/category\/auto-lautsprecher-einbau\/wie-kann-ich-auto-lautsprecher-einbauen\/\" target=\"_blank\" rel=\"noopener\">Wie kann ich Auto Lautsprecher einbauen<\/a> oder ausbauen im VW Passat 3BG hast du mit dieser Anleitung erfahren. Welche <a href=\"http:\/\/www.radio-adapter.eu\/blog\/produkt-kategorie\/auto-lautsprecher-einbausets\/vw-lautsprecher-einbausets\/vw-passat-3bg-lautsprecher-einbausets\/\" target=\"_blank\" rel=\"noopener\">VW Passat 3BG Lautsprecher Einbausets<\/a> sollte ich nehmen? Hier gibt es verschieden Qualit\u00e4tsstufen! Grunds\u00e4tzlich kann man in jeder Preisklasse etwas einbauen nur sollte man bedenken ob sich das auszahlt den Arbeitsaufwand zu betreiben um Lautsprecher von 15 \u2013 40 Euro zu installieren, die Qualitativ schlechter sind als die originalen VW Passat 3BG Lautsprecher.<\/p>\n<h1><strong>Passende Lautsprecher:<\/strong><\/h1>\n<p>Eine Set <a title=\"VW Passat 3Bg Lautsprecher\" href=\"https:\/\/auto-lautsprecher.eu\/product\/vw-passat-b5-lautsprecher-powersystem-4-hochtoener\/\" target=\"_blank\" rel=\"noopener\">VW Passat B5 Lautsprecher Powersystem<\/a> der Oberklasse mit super Klang.<\/p>\n<p><a href=\"https:\/\/auto-lautsprecher.eu\/product\/vw-passat-b5-auto-lautsprecher-set-fuer-alle-tueren\/\" target=\"_blank\" rel=\"noopener\"><img loading=\"lazy\" decoding=\"async\" width=\"567\" height=\"482\" class=\"alignalignnone size-full wp-image-8772\" src=\"http:\/\/www.radio-adapter.eu\/blog\/wp-content\/uploads\/2014\/10\/VW-Passat-B5-Typ-3BG-Auto-Lautsprecher-Testsieger-JL-Audio-C2-650x.jpg\" srcset=\"https:\/\/www.radio-adapter.eu\/blog\/wp-content\/uploads\/2014\/10\/VW-Passat-B5-Typ-3BG-Auto-Lautsprecher-Testsieger-JL-Audio-C2-650x.jpg 567w, https:\/\/www.radio-adapter.eu\/blog\/wp-content\/uploads\/2014\/10\/VW-Passat-B5-Typ-3BG-Auto-Lautsprecher-Testsieger-JL-Audio-C2-650x-510x434.jpg 510w, https:\/\/www.radio-adapter.eu\/blog\/wp-content\/uploads\/2014\/10\/VW-Passat-B5-Typ-3BG-Auto-Lautsprecher-Testsieger-JL-Audio-C2-650x-236x201.jpg 236w, https:\/\/www.radio-adapter.eu\/blog\/wp-content\/uploads\/2014\/10\/VW-Passat-B5-Typ-3BG-Auto-Lautsprecher-Testsieger-JL-Audio-C2-650x-300x255.jpg 300w, https:\/\/www.radio-adapter.eu\/blog\/wp-content\/uploads\/2014\/10\/VW-Passat-B5-Typ-3BG-Auto-Lautsprecher-Testsieger-JL-Audio-C2-650x-151x128.jpg 151w, https:\/\/www.radio-adapter.eu\/blog\/wp-content\/uploads\/2014\/10\/VW-Passat-B5-Typ-3BG-Auto-Lautsprecher-Testsieger-JL-Audio-C2-650x-275x234.jpg 275w, https:\/\/www.radio-adapter.eu\/blog\/wp-content\/uploads\/2014\/10\/VW-Passat-B5-Typ-3BG-Auto-Lautsprecher-Testsieger-JL-Audio-C2-650x-480x408.jpg 480w\" sizes=\"auto, (max-width: 567px) 100vw, 567px\" \/><\/a><\/p>\n<p><a href=\"http:\/\/www.radio-adapter.eu\/blog\/produkt\/vw-passat-3b-lautsprecher-komplettes-einbauset\/\" target=\"_blank\" rel=\"noopener\"><img loading=\"lazy\" decoding=\"async\" width=\"480\" height=\"436\" class=\"alignalignnone size-full wp-image-8674\" src=\"http:\/\/www.radio-adapter.eu\/blog\/wp-content\/uploads\/2015\/07\/VW-Passat-3B-Lautsprecher-Komplettes-Einbauset-1.jpg\" \/><\/a><\/p>\n<p><a href=\"http:\/\/www.radio-adapter.eu\/blog\/produkt\/vw-passat-3b-lautsprecher-testsieger-fuer-vordere-tueren\/\" target=\"_blank\" rel=\"noopener\"><img loading=\"lazy\" decoding=\"async\" width=\"480\" height=\"436\" class=\"alignalignnone size-full wp-image-8689\" src=\"http:\/\/www.radio-adapter.eu\/blog\/wp-content\/uploads\/2015\/07\/VW-Passat-3B-Lautsprecher-Testsieger-f\u00fcr-vordere-T\u00fcren-1.jpg\" \/><\/a><\/p>\n<p>Ein <a title=\"VW Passat B5 Lautsprecher\" href=\"http:\/\/www.car-hifi-radio-adapter.eu\/autolautsprecher\/vw\/passat-b5\/\" target=\"_blank\" rel=\"noopener\">VW Passat B5 Lautsprecher<\/a> System <a title=\"fahrzeugspezifische Lautsprecher\" href=\"http:\/\/www.radio-adapter.eu\/blog\/fahrzeugspezifische-lautsprecher\/\" target=\"_blank\" rel=\"noopener\">fahrzeugspezifische Lautsprecher<\/a> mit Hocht\u00f6ner vorne und in den hinteren T\u00fcren, optimal wenn man das originale Sound System wechseln m\u00f6chte ohne extra Aufwand.<\/p>\n<p><a href=\"https:\/\/auto-lautsprecher.eu\/product\/vw-passat-b5-lautsprecher-einbauset-top-einsteigerklasse\/\" target=\"_blank\" rel=\"noopener\"><img loading=\"lazy\" decoding=\"async\" width=\"567\" height=\"482\" class=\"alignalignnone size-full wp-image-9162\" src=\"https:\/\/www.radio-adapter.eu\/blog\/wp-content\/uploads\/2013\/11\/VW-Passat-3B-Lautsprecher-Auto-Lautsprecher-DSK1653.jpg\" srcset=\"https:\/\/www.radio-adapter.eu\/blog\/wp-content\/uploads\/2013\/11\/VW-Passat-3B-Lautsprecher-Auto-Lautsprecher-DSK1653.jpg 567w, https:\/\/www.radio-adapter.eu\/blog\/wp-content\/uploads\/2013\/11\/VW-Passat-3B-Lautsprecher-Auto-Lautsprecher-DSK1653-510x434.jpg 510w, https:\/\/www.radio-adapter.eu\/blog\/wp-content\/uploads\/2013\/11\/VW-Passat-3B-Lautsprecher-Auto-Lautsprecher-DSK1653-236x201.jpg 236w, https:\/\/www.radio-adapter.eu\/blog\/wp-content\/uploads\/2013\/11\/VW-Passat-3B-Lautsprecher-Auto-Lautsprecher-DSK1653-300x255.jpg 300w, https:\/\/www.radio-adapter.eu\/blog\/wp-content\/uploads\/2013\/11\/VW-Passat-3B-Lautsprecher-Auto-Lautsprecher-DSK1653-151x128.jpg 151w, https:\/\/www.radio-adapter.eu\/blog\/wp-content\/uploads\/2013\/11\/VW-Passat-3B-Lautsprecher-Auto-Lautsprecher-DSK1653-275x234.jpg 275w, https:\/\/www.radio-adapter.eu\/blog\/wp-content\/uploads\/2013\/11\/VW-Passat-3B-Lautsprecher-Auto-Lautsprecher-DSK1653-480x408.jpg 480w\" sizes=\"auto, (max-width: 567px) 100vw, 567px\" \/><\/a><\/p>\n","protected":false},"excerpt":{"rendered":"<p>VW Passat 3BG\/B5 neue Lautsprecher in den hinteren T\u00fcren! Irgendwann gibt einer der eingebauten Lautsprecher auf oder f\u00e4ngt an zu kratzen! Da stellt sich die Frage kann man die Lautsprecher ohne gro\u00dfen Aufwand selbst austauschen oder geht\u2019s nur mit Werkstatt. Vorausgesetzt man hat eine ruhigen Stellplatz oder Garage und eine Grundausstattung an Werkzeug, kann dem [&#8230;]\n","protected":false},"author":2,"featured_media":3487,"comment_status":"open","ping_status":"open","sticky":false,"template":"","format":"standard","meta":{"jetpack_post_was_ever_published":false,"_jetpack_newsletter_access":"","_jetpack_dont_email_post_to_subs":false,"_jetpack_newsletter_tier_id":0,"_jetpack_memberships_contains_paywalled_content":false,"_jetpack_memberships_contains_paid_content":false,"footnotes":"","jetpack_publicize_message":"","jetpack_publicize_feature_enabled":true,"jetpack_social_post_already_shared":true,"jetpack_social_options":{"image_generator_settings":{"template":"highway","default_image_id":0,"font":"","enabled":false},"version":2}},"categories":[1,5,2543,2048],"tags":[1853,2141,2146,2136,2145,2135,2140,2137,2142,2138,2144,2143,2129,1823,2016,2139],"class_list":["post-2253","post","type-post","status-publish","format-standard","has-post-thumbnail","hentry","category-allgemein","category-car-hifi-einbau-tipps","category-vw-lautsprecher-einbau","category-wie-kann-ich-auto-lautsprecher-einbauen","tag-3bg-lautsprecher-tauschen-anleitung","tag-boxentausch-passat","tag-einbauanleitung-passat-3bg","tag-hochtoener-position-passat-3bg","tag-innenverkleidung-passat","tag-lautsprecher-im-vw-passat-3bg","tag-passat-lautsprecher-kratzen","tag-passat-tuerverkleidung-abmontieren","tag-tuerclipse-verkleidung-passat","tag-tuergriff-vw-passat-3bg-ausbauen","tag-tuerpappe-passat-entfernen","tag-tuerverkleidung-befestigung-passat","tag-vw-passat-b5-lautsprecher-einbau-hinten","tag-vw-passat-lautsprechereinbau-ohne-werkstatt","tag-welche-boxen-fuer-auto","tag-welche-lautsprecher-groesse-passat-3bg"],"jetpack_publicize_connections":[],"jetpack_featured_media_url":"https:\/\/www.radio-adapter.eu\/blog\/wp-content\/uploads\/2014\/10\/Lautsprecher-hinten-einbauen-Passat-3bg.jpg","jetpack_shortlink":"https:\/\/wp.me\/p3srli-Al","jetpack_sharing_enabled":true,"jetpack_likes_enabled":true,"_links":{"self":[{"href":"https:\/\/www.radio-adapter.eu\/blog\/wp-json\/wp\/v2\/posts\/2253","targetHints":{"allow":["GET"]}}],"collection":[{"href":"https:\/\/www.radio-adapter.eu\/blog\/wp-json\/wp\/v2\/posts"}],"about":[{"href":"https:\/\/www.radio-adapter.eu\/blog\/wp-json\/wp\/v2\/types\/post"}],"author":[{"embeddable":true,"href":"https:\/\/www.radio-adapter.eu\/blog\/wp-json\/wp\/v2\/users\/2"}],"replies":[{"embeddable":true,"href":"https:\/\/www.radio-adapter.eu\/blog\/wp-json\/wp\/v2\/comments?post=2253"}],"version-history":[{"count":6,"href":"https:\/\/www.radio-adapter.eu\/blog\/wp-json\/wp\/v2\/posts\/2253\/revisions"}],"predecessor-version":[{"id":11778,"href":"https:\/\/www.radio-adapter.eu\/blog\/wp-json\/wp\/v2\/posts\/2253\/revisions\/11778"}],"wp:featuredmedia":[{"embeddable":true,"href":"https:\/\/www.radio-adapter.eu\/blog\/wp-json\/wp\/v2\/media\/3487"}],"wp:attachment":[{"href":"https:\/\/www.radio-adapter.eu\/blog\/wp-json\/wp\/v2\/media?parent=2253"}],"wp:term":[{"taxonomy":"category","embeddable":true,"href":"https:\/\/www.radio-adapter.eu\/blog\/wp-json\/wp\/v2\/categories?post=2253"},{"taxonomy":"post_tag","embeddable":true,"href":"https:\/\/www.radio-adapter.eu\/blog\/wp-json\/wp\/v2\/tags?post=2253"}],"curies":[{"name":"wp","href":"https:\/\/api.w.org\/{rel}","templated":true}]}}