{"id":1945,"date":"2013-11-16T22:01:44","date_gmt":"2013-11-16T21:01:44","guid":{"rendered":"http:\/\/www.radio-adapter.eu\/blog\/?p=1945"},"modified":"2022-05-14T18:28:52","modified_gmt":"2022-05-14T16:28:52","slug":"lautsprecher-wechseln-bmw-mini-one","status":"publish","type":"post","link":"https:\/\/www.radio-adapter.eu\/blog\/2013\/11\/16\/lautsprecher-wechseln-bmw-mini-one\/","title":{"rendered":"Lautsprecher wechseln BMW Mini One"},"content":{"rendered":"<h1><b>BMW Mini One ab 2001: Lautsprecher tauschen!<\/b><\/h1>\n<h2>Modelle dreit\u00fcrig One \/ One D \/ Cooper \/ Cooper D \/ Cooper S \/ Cooper SD\/JCW R50, R52, R53, R56,<\/h2>\n<p>\u00a0<\/p>\n<h3>Was tun wenn der Lautsprecher kratzt oder defekt ist, teure Werkstatt oder selber machen?<\/h3>\n<p>Beim <strong>BMW Mini<\/strong> ab 2001\u00a0 ist der Lautsprecher wechsel ohne Werkstatt m\u00f6glich. Man braucht nat\u00fcrlich entsprechenden Werkzeug sowie eine <a title=\"BMW Mini Lautsprecher\" href=\"https:\/\/auto-lautsprecher.eu\/product-category\/bmw-mini-auto-lautsprecher\/\" target=\"_blank\" rel=\"noopener noreferrer\">BMW Mini Lautsprecher<\/a>, der Einbau ist f\u00fcr Do-it-yourself Bastler ohne Werkstattkosten machbar.<\/p>\n<p>Mit dem neuen Lautsprechern kann auch gleich der Sound verbessert werden!<\/p>\n<p>\u00a0<\/p>\n<h3>Was ist zu tun!<\/h3>\n<ul>\n<li><strong>Die T\u00fcrverkleidung ist auf jeden Fall zu entfernen<\/strong><\/li>\n<li><b>Ausbauwerkzeug T\u00fcrverkleidung:\u00a0 Sch<\/b><b>raubenzieher, Torx Schraubendreher Set, Hebel!<\/b><\/li>\n<\/ul>\n<p><a href=\"http:\/\/www.radio-adapter.eu\/blog\/wp-content\/uploads\/2013\/11\/BMW-Mini-One-Front.jpg\"><img loading=\"lazy\" decoding=\"async\" class=\"alignnone size-full wp-image-1948\" src=\"http:\/\/www.radio-adapter.eu\/blog\/wp-content\/uploads\/2013\/11\/BMW-Mini-One-Front.jpg\" alt=\"BMW-Mini-One-Front\" width=\"600\" height=\"450\" srcset=\"https:\/\/www.radio-adapter.eu\/blog\/wp-content\/uploads\/2013\/11\/BMW-Mini-One-Front.jpg 600w, https:\/\/www.radio-adapter.eu\/blog\/wp-content\/uploads\/2013\/11\/BMW-Mini-One-Front-510x383.jpg 510w, https:\/\/www.radio-adapter.eu\/blog\/wp-content\/uploads\/2013\/11\/BMW-Mini-One-Front-150x113.jpg 150w, https:\/\/www.radio-adapter.eu\/blog\/wp-content\/uploads\/2013\/11\/BMW-Mini-One-Front-300x225.jpg 300w\" sizes=\"auto, (max-width: 600px) 100vw, 600px\" \/><\/a><\/p>\n<p><!--more--><\/p>\n<p>\u00a0<\/p>\n<figure id=\"attachment_1955\" aria-describedby=\"caption-attachment-1955\" style=\"width: 600px\" class=\"wp-caption alignnone\"><a href=\"http:\/\/www.radio-adapter.eu\/blog\/wp-content\/uploads\/2013\/11\/BMW-Mini-original-Lautsprecher.png\"><img loading=\"lazy\" decoding=\"async\" class=\"size-full wp-image-1955\" src=\"http:\/\/www.radio-adapter.eu\/blog\/wp-content\/uploads\/2013\/11\/BMW-Mini-original-Lautsprecher.png\" alt=\"BMW-Mini-original-Lautsprecher\" width=\"600\" height=\"562\" srcset=\"https:\/\/www.radio-adapter.eu\/blog\/wp-content\/uploads\/2013\/11\/BMW-Mini-original-Lautsprecher.png 600w, https:\/\/www.radio-adapter.eu\/blog\/wp-content\/uploads\/2013\/11\/BMW-Mini-original-Lautsprecher-510x478.png 510w, https:\/\/www.radio-adapter.eu\/blog\/wp-content\/uploads\/2013\/11\/BMW-Mini-original-Lautsprecher-150x141.png 150w, https:\/\/www.radio-adapter.eu\/blog\/wp-content\/uploads\/2013\/11\/BMW-Mini-original-Lautsprecher-300x281.png 300w\" sizes=\"auto, (max-width: 600px) 100vw, 600px\" \/><\/a><figcaption id=\"caption-attachment-1955\" class=\"wp-caption-text\">BMW-Mini-original-Lautsprecher<\/figcaption><\/figure>\n<p>\u00a0<\/p>\n<h3>T\u00fcrverkleidung ausbauen!<\/h3>\n<p><strong>Als erstes den T\u00fcrknopf von der Zentrallveriegelung nach oben hin abziehen!<\/strong><\/p>\n<figure id=\"attachment_1956\" aria-describedby=\"caption-attachment-1956\" style=\"width: 600px\" class=\"wp-caption alignnone\"><a href=\"http:\/\/www.radio-adapter.eu\/blog\/wp-content\/uploads\/2013\/11\/BMW-Mini-One-T\u00fcre-ausbau-Hocht\u00f6ner.png\"><img loading=\"lazy\" decoding=\"async\" class=\"size-full wp-image-1956\" src=\"http:\/\/www.radio-adapter.eu\/blog\/wp-content\/uploads\/2013\/11\/BMW-Mini-One-T\u00fcre-ausbau-Hocht\u00f6ner.png\" alt=\"BMW-Mini-One-T\u00fcre-ausbau-Hocht\u00f6ner\" width=\"600\" height=\"610\" srcset=\"https:\/\/www.radio-adapter.eu\/blog\/wp-content\/uploads\/2013\/11\/BMW-Mini-One-T\u00fcre-ausbau-Hocht\u00f6ner.png 600w, https:\/\/www.radio-adapter.eu\/blog\/wp-content\/uploads\/2013\/11\/BMW-Mini-One-T\u00fcre-ausbau-Hocht\u00f6ner-510x519.png 510w, https:\/\/www.radio-adapter.eu\/blog\/wp-content\/uploads\/2013\/11\/BMW-Mini-One-T\u00fcre-ausbau-Hocht\u00f6ner-148x150.png 148w, https:\/\/www.radio-adapter.eu\/blog\/wp-content\/uploads\/2013\/11\/BMW-Mini-One-T\u00fcre-ausbau-Hocht\u00f6ner-295x300.png 295w, https:\/\/www.radio-adapter.eu\/blog\/wp-content\/uploads\/2013\/11\/BMW-Mini-One-T\u00fcre-ausbau-Hocht\u00f6ner-80x80.png 80w\" sizes=\"auto, (max-width: 600px) 100vw, 600px\" \/><\/a><figcaption id=\"caption-attachment-1956\" class=\"wp-caption-text\">BMW Mini One T\u00fcre Hocht\u00f6ner ausbauen<\/figcaption><\/figure>\n<p><strong>Hochtongeh\u00e4use entfernen mit Schraubenzieher aushebeln! <\/strong><\/p>\n<figure id=\"attachment_1957\" aria-describedby=\"caption-attachment-1957\" style=\"width: 600px\" class=\"wp-caption alignnone\"><a href=\"http:\/\/www.radio-adapter.eu\/blog\/wp-content\/uploads\/2013\/11\/BMW-Mini-One-T\u00fcre-ausbau-Schraube.png\"><img loading=\"lazy\" decoding=\"async\" class=\"size-full wp-image-1957\" src=\"http:\/\/www.radio-adapter.eu\/blog\/wp-content\/uploads\/2013\/11\/BMW-Mini-One-T\u00fcre-ausbau-Schraube.png\" alt=\"BMW-Mini-One-T\u00fcre-ausbau-Schraube\" width=\"600\" height=\"610\" srcset=\"https:\/\/www.radio-adapter.eu\/blog\/wp-content\/uploads\/2013\/11\/BMW-Mini-One-T\u00fcre-ausbau-Schraube.png 600w, https:\/\/www.radio-adapter.eu\/blog\/wp-content\/uploads\/2013\/11\/BMW-Mini-One-T\u00fcre-ausbau-Schraube-510x519.png 510w, https:\/\/www.radio-adapter.eu\/blog\/wp-content\/uploads\/2013\/11\/BMW-Mini-One-T\u00fcre-ausbau-Schraube-148x150.png 148w, https:\/\/www.radio-adapter.eu\/blog\/wp-content\/uploads\/2013\/11\/BMW-Mini-One-T\u00fcre-ausbau-Schraube-295x300.png 295w, https:\/\/www.radio-adapter.eu\/blog\/wp-content\/uploads\/2013\/11\/BMW-Mini-One-T\u00fcre-ausbau-Schraube-80x80.png 80w\" sizes=\"auto, (max-width: 600px) 100vw, 600px\" \/><\/a><figcaption id=\"caption-attachment-1957\" class=\"wp-caption-text\">BMW Mini One T\u00fcrschraube ausbauen<\/figcaption><\/figure>\n<p><strong>Knopf aushebeln (zum aushebeln schmaler kleiner Schraubenzieher, vorsicht die drei kleinen Klipse brechen leicht) darunter ist eine Schraube mit Torxschraubendreher T 30 \u00f6ffnen!<\/strong><\/p>\n<figure id=\"attachment_1958\" aria-describedby=\"caption-attachment-1958\" style=\"width: 600px\" class=\"wp-caption alignnone\"><a href=\"http:\/\/www.radio-adapter.eu\/blog\/wp-content\/uploads\/2013\/11\/BMW-Mini-One-T\u00fcre-ausbau-Schrauben-l\u00f6sen.png\"><img loading=\"lazy\" decoding=\"async\" class=\"size-full wp-image-1958\" src=\"http:\/\/www.radio-adapter.eu\/blog\/wp-content\/uploads\/2013\/11\/BMW-Mini-One-T\u00fcre-ausbau-Schrauben-l\u00f6sen.png\" alt=\"BMW-Mini-One-T\u00fcre-ausbau-Schrauben-l\u00f6sen\" width=\"600\" height=\"385\" srcset=\"https:\/\/www.radio-adapter.eu\/blog\/wp-content\/uploads\/2013\/11\/BMW-Mini-One-T\u00fcre-ausbau-Schrauben-l\u00f6sen.png 600w, https:\/\/www.radio-adapter.eu\/blog\/wp-content\/uploads\/2013\/11\/BMW-Mini-One-T\u00fcre-ausbau-Schrauben-l\u00f6sen-510x327.png 510w, https:\/\/www.radio-adapter.eu\/blog\/wp-content\/uploads\/2013\/11\/BMW-Mini-One-T\u00fcre-ausbau-Schrauben-l\u00f6sen-150x96.png 150w, https:\/\/www.radio-adapter.eu\/blog\/wp-content\/uploads\/2013\/11\/BMW-Mini-One-T\u00fcre-ausbau-Schrauben-l\u00f6sen-300x193.png 300w\" sizes=\"auto, (max-width: 600px) 100vw, 600px\" \/><\/a><figcaption id=\"caption-attachment-1958\" class=\"wp-caption-text\">BMW Mini One T\u00fcre ausbauen Schrauben l\u00f6sen<\/figcaption><\/figure>\n<p><strong>Mit Torx T30 die drei Schrauben l\u00f6sen mit der die T\u00fcre befestigt ist! Ab 2004 ist einer der Schrauben hinter einer Kunstoffabdeckung verdeckt diese aushebeln darunter die Schraube l\u00f6sen!<br \/><\/strong><\/p>\n<p><strong>Mit einem Hebelwerkzeug die T\u00fcre aushebel! Vorsicht die Klipse k\u00f6nnen brechen!<br \/><\/strong><\/p>\n<figure id=\"attachment_1959\" aria-describedby=\"caption-attachment-1959\" style=\"width: 600px\" class=\"wp-caption alignnone\"><a href=\"http:\/\/www.radio-adapter.eu\/blog\/wp-content\/uploads\/2013\/11\/T\u00fcrverkleidung-vorne.png\"><img loading=\"lazy\" decoding=\"async\" class=\"size-full wp-image-1959\" src=\"http:\/\/www.radio-adapter.eu\/blog\/wp-content\/uploads\/2013\/11\/T\u00fcrverkleidung-vorne.png\" alt=\"T\u00fcrverkleidung-vorne\" width=\"600\" height=\"375\" srcset=\"https:\/\/www.radio-adapter.eu\/blog\/wp-content\/uploads\/2013\/11\/T\u00fcrverkleidung-vorne.png 600w, https:\/\/www.radio-adapter.eu\/blog\/wp-content\/uploads\/2013\/11\/T\u00fcrverkleidung-vorne-510x319.png 510w, https:\/\/www.radio-adapter.eu\/blog\/wp-content\/uploads\/2013\/11\/T\u00fcrverkleidung-vorne-150x94.png 150w, https:\/\/www.radio-adapter.eu\/blog\/wp-content\/uploads\/2013\/11\/T\u00fcrverkleidung-vorne-300x188.png 300w\" sizes=\"auto, (max-width: 600px) 100vw, 600px\" \/><\/a><figcaption id=\"caption-attachment-1959\" class=\"wp-caption-text\">BMW Mini T\u00fcrverkleidung vorne Innenansicht<\/figcaption><\/figure>\n<p>\u00a0<\/p>\n<p><strong>Mit dem Hebelwerkzeug die Verkleidung aushebeln und nach oben hin abziehen!<\/strong><\/p>\n<p><strong>Die Verkleidung demontieren<\/strong><\/p>\n<p class=\"MsoNormal\"><strong>Die Verkleidung kann man nach oben hin abziehen vorher mit einen Hebelwerkzeug seitlich zwischen Verkleidung und T\u00fcre entlangfahren. Die Verkleidung ist an mehreren Stellen mit Befestigung Clips eingerastet! F\u00fcr die perfekte Entriegelung empfiehlt sich ein Hebelwerkzeug<\/strong>!<\/p>\n<figure id=\"attachment_1903\" aria-describedby=\"caption-attachment-1903\" style=\"width: 600px\" class=\"wp-caption alignnone\"><a href=\"http:\/\/radio-adapter.eu\/produkt\/ausbau-werkzeug-fuer-tuerverkleidung-oder-autoradio\/\" target=\"_blank\" rel=\"noopener noreferrer\"><img loading=\"lazy\" decoding=\"async\" class=\"size-full wp-image-1903\" src=\"http:\/\/www.radio-adapter.eu\/blog\/wp-content\/uploads\/2013\/11\/T\u00fcr-Entriegelungswerkzeug.jpg\" alt=\"T\u00fcr-Entriegelungswerkzeug\" width=\"600\" height=\"325\" srcset=\"https:\/\/www.radio-adapter.eu\/blog\/wp-content\/uploads\/2013\/11\/T\u00fcr-Entriegelungswerkzeug.jpg 600w, https:\/\/www.radio-adapter.eu\/blog\/wp-content\/uploads\/2013\/11\/T\u00fcr-Entriegelungswerkzeug-510x276.jpg 510w, https:\/\/www.radio-adapter.eu\/blog\/wp-content\/uploads\/2013\/11\/T\u00fcr-Entriegelungswerkzeug-150x81.jpg 150w, https:\/\/www.radio-adapter.eu\/blog\/wp-content\/uploads\/2013\/11\/T\u00fcr-Entriegelungswerkzeug-300x163.jpg 300w\" sizes=\"auto, (max-width: 600px) 100vw, 600px\" \/><\/a><figcaption id=\"caption-attachment-1903\" class=\"wp-caption-text\">T\u00fcr-Entriegelungswerkzeug zum entfernen von T\u00fcrverkleidungen<\/figcaption><\/figure>\n<h3>Wie siehts hinter der T\u00fcrverkleidung aus?<\/h3>\n<figure id=\"attachment_1952\" aria-describedby=\"caption-attachment-1952\" style=\"width: 600px\" class=\"wp-caption alignnone\"><a href=\"http:\/\/www.radio-adapter.eu\/blog\/wp-content\/uploads\/2013\/11\/BMW-Mini-T\u00fcre-innen.png\"><img loading=\"lazy\" decoding=\"async\" class=\"size-full wp-image-1952\" src=\"http:\/\/www.radio-adapter.eu\/blog\/wp-content\/uploads\/2013\/11\/BMW-Mini-T\u00fcre-innen.png\" alt=\"BMW-Mini-T\u00fcre-innen\" width=\"600\" height=\"425\" srcset=\"https:\/\/www.radio-adapter.eu\/blog\/wp-content\/uploads\/2013\/11\/BMW-Mini-T\u00fcre-innen.png 600w, https:\/\/www.radio-adapter.eu\/blog\/wp-content\/uploads\/2013\/11\/BMW-Mini-T\u00fcre-innen-510x361.png 510w, https:\/\/www.radio-adapter.eu\/blog\/wp-content\/uploads\/2013\/11\/BMW-Mini-T\u00fcre-innen-150x106.png 150w, https:\/\/www.radio-adapter.eu\/blog\/wp-content\/uploads\/2013\/11\/BMW-Mini-T\u00fcre-innen-300x213.png 300w\" sizes=\"auto, (max-width: 600px) 100vw, 600px\" \/><\/a><figcaption id=\"caption-attachment-1952\" class=\"wp-caption-text\">BMW Mini T\u00fcre innen<\/figcaption><\/figure>\n<figure id=\"attachment_1953\" aria-describedby=\"caption-attachment-1953\" style=\"width: 600px\" class=\"wp-caption alignnone\"><a href=\"http:\/\/www.radio-adapter.eu\/blog\/wp-content\/uploads\/2013\/11\/BMW-Mini-T\u00fcre.png\"><img loading=\"lazy\" decoding=\"async\" class=\"size-full wp-image-1953\" src=\"http:\/\/www.radio-adapter.eu\/blog\/wp-content\/uploads\/2013\/11\/BMW-Mini-T\u00fcre.png\" alt=\"BMW-Mini-T\u00fcre\" width=\"600\" height=\"450\" srcset=\"https:\/\/www.radio-adapter.eu\/blog\/wp-content\/uploads\/2013\/11\/BMW-Mini-T\u00fcre.png 600w, https:\/\/www.radio-adapter.eu\/blog\/wp-content\/uploads\/2013\/11\/BMW-Mini-T\u00fcre-510x383.png 510w, https:\/\/www.radio-adapter.eu\/blog\/wp-content\/uploads\/2013\/11\/BMW-Mini-T\u00fcre-150x113.png 150w, https:\/\/www.radio-adapter.eu\/blog\/wp-content\/uploads\/2013\/11\/BMW-Mini-T\u00fcre-300x225.png 300w\" sizes=\"auto, (max-width: 600px) 100vw, 600px\" \/><\/a><figcaption id=\"caption-attachment-1953\" class=\"wp-caption-text\">BMW Mini T\u00fcre mit Werkslautsprecher<\/figcaption><\/figure>\n<p>\u00a0<\/p>\n<p><strong>Der originale <a title=\"fahrzeugspezifische Lautsprecher\" href=\"http:\/\/www.radio-adapter.eu\/blog\/fahrzeugspezifische-lautsprecher\/\" target=\"_blank\" rel=\"noopener noreferrer\">fahrzeugspezifische Lautsprecher<\/a> ist geschraubt, an den gleichen Stellen werden die neuen Ringe installieren! Wichtig ist ein fester Halt der Ringe das verbessert die Bassausbeute!<br \/><\/strong><\/p>\n<p>\u00a0<\/p>\n<h3>Welchen <a title=\"BMW Mini Auto Lautsprecher\" href=\"http:\/\/radio-adapter.eu\/home\/auto-lautsprecher\/bmw-mini\/\" target=\"_blank\" rel=\"noopener noreferrer\">BMW Mini Auto Lautsprecher<\/a> Adapter braucht man zu den neuen Lautsprechern?<\/h3>\n<figure id=\"attachment_1950\" aria-describedby=\"caption-attachment-1950\" style=\"width: 330px\" class=\"wp-caption alignnone\"><a href=\"http:\/\/www.radio-adapter.eu\/blog\/wp-content\/uploads\/2013\/11\/62400.jpg\"><img loading=\"lazy\" decoding=\"async\" class=\"size-full wp-image-1950\" src=\"http:\/\/www.radio-adapter.eu\/blog\/wp-content\/uploads\/2013\/11\/62400.jpg\" alt=\"62400\" width=\"330\" height=\"330\" srcset=\"https:\/\/www.radio-adapter.eu\/blog\/wp-content\/uploads\/2013\/11\/62400.jpg 330w, https:\/\/www.radio-adapter.eu\/blog\/wp-content\/uploads\/2013\/11\/62400-247x247.jpg 247w, https:\/\/www.radio-adapter.eu\/blog\/wp-content\/uploads\/2013\/11\/62400-100x100.jpg 100w, https:\/\/www.radio-adapter.eu\/blog\/wp-content\/uploads\/2013\/11\/62400-150x150.jpg 150w, https:\/\/www.radio-adapter.eu\/blog\/wp-content\/uploads\/2013\/11\/62400-300x300.jpg 300w, https:\/\/www.radio-adapter.eu\/blog\/wp-content\/uploads\/2013\/11\/62400-200x200.jpg 200w, https:\/\/www.radio-adapter.eu\/blog\/wp-content\/uploads\/2013\/11\/62400-80x80.jpg 80w\" sizes=\"auto, (max-width: 330px) 100vw, 330px\" \/><\/a><figcaption id=\"caption-attachment-1950\" class=\"wp-caption-text\">BMW Mini Lautsprecherringe<\/figcaption><\/figure>\n<h3>Einbauringe vorne<\/h3>\n<h3>Die Einbauringe werden wieder an der gleichen Stelle verschraubt die original vorher entfernt!<\/h3>\n<p>\u00a0<\/p>\n<h2>Der Hocht\u00f6ner:<\/h2>\n<figure id=\"attachment_1961\" aria-describedby=\"caption-attachment-1961\" style=\"width: 600px\" class=\"wp-caption alignnone\"><a href=\"http:\/\/www.radio-adapter.eu\/blog\/wp-content\/uploads\/2013\/11\/Mini-Hocht\u00f6ner.png\"><img loading=\"lazy\" decoding=\"async\" class=\"size-full wp-image-1961\" src=\"http:\/\/www.radio-adapter.eu\/blog\/wp-content\/uploads\/2013\/11\/Mini-Hocht\u00f6ner.png\" alt=\"Mini-Hocht\u00f6ner\" width=\"600\" height=\"423\" srcset=\"https:\/\/www.radio-adapter.eu\/blog\/wp-content\/uploads\/2013\/11\/Mini-Hocht\u00f6ner.png 600w, https:\/\/www.radio-adapter.eu\/blog\/wp-content\/uploads\/2013\/11\/Mini-Hocht\u00f6ner-510x360.png 510w, https:\/\/www.radio-adapter.eu\/blog\/wp-content\/uploads\/2013\/11\/Mini-Hocht\u00f6ner-150x106.png 150w, https:\/\/www.radio-adapter.eu\/blog\/wp-content\/uploads\/2013\/11\/Mini-Hocht\u00f6ner-300x212.png 300w\" sizes=\"auto, (max-width: 600px) 100vw, 600px\" \/><\/a><figcaption id=\"caption-attachment-1961\" class=\"wp-caption-text\">BMW Mini Hocht\u00f6ner in der T\u00fcre<\/figcaption><\/figure>\n<h2><strong>Original Hocht\u00f6ner!<\/strong><\/h2>\n<p>In dem Hocht\u00f6ner-Geh\u00e4use kann man auch wesentlich bessere Hocht\u00f6ner einbauen! Hier wird der neue eingebaut, auf jeden Fall sollte man den neuen einkleben (Klebepistole) damit ein sicherer Halt gew\u00e4hrleistet ist!<\/p>\n<h2>Hintere Lautsprecher<\/h2>\n<figure id=\"attachment_1962\" aria-describedby=\"caption-attachment-1962\" style=\"width: 600px\" class=\"wp-caption alignnone\"><a href=\"http:\/\/www.radio-adapter.eu\/blog\/wp-content\/uploads\/2013\/11\/Mini-hinterer-Lautsprecher.png\"><img loading=\"lazy\" decoding=\"async\" class=\"size-full wp-image-1962\" src=\"http:\/\/www.radio-adapter.eu\/blog\/wp-content\/uploads\/2013\/11\/Mini-hinterer-Lautsprecher.png\" alt=\"Mini-hinterer-Lautsprecher\" width=\"600\" height=\"413\" srcset=\"https:\/\/www.radio-adapter.eu\/blog\/wp-content\/uploads\/2013\/11\/Mini-hinterer-Lautsprecher.png 600w, https:\/\/www.radio-adapter.eu\/blog\/wp-content\/uploads\/2013\/11\/Mini-hinterer-Lautsprecher-510x351.png 510w, https:\/\/www.radio-adapter.eu\/blog\/wp-content\/uploads\/2013\/11\/Mini-hinterer-Lautsprecher-150x103.png 150w, https:\/\/www.radio-adapter.eu\/blog\/wp-content\/uploads\/2013\/11\/Mini-hinterer-Lautsprecher-300x207.png 300w\" sizes=\"auto, (max-width: 600px) 100vw, 600px\" \/><\/a><figcaption id=\"caption-attachment-1962\" class=\"wp-caption-text\">BMW Mini hinterer Lautsprecher<\/figcaption><\/figure>\n<p>\u00a0<\/p>\n<figure id=\"attachment_1963\" aria-describedby=\"caption-attachment-1963\" style=\"width: 600px\" class=\"wp-caption alignnone\"><a href=\"http:\/\/www.radio-adapter.eu\/blog\/wp-content\/uploads\/2013\/11\/Mini-T\u00fcrverkleidung-hinten.png\"><img loading=\"lazy\" decoding=\"async\" class=\"size-full wp-image-1963\" src=\"http:\/\/www.radio-adapter.eu\/blog\/wp-content\/uploads\/2013\/11\/Mini-T\u00fcrverkleidung-hinten.png\" alt=\"Mini-T\u00fcrverkleidung-hinten\" width=\"600\" height=\"424\" srcset=\"https:\/\/www.radio-adapter.eu\/blog\/wp-content\/uploads\/2013\/11\/Mini-T\u00fcrverkleidung-hinten.png 600w, https:\/\/www.radio-adapter.eu\/blog\/wp-content\/uploads\/2013\/11\/Mini-T\u00fcrverkleidung-hinten-510x360.png 510w, https:\/\/www.radio-adapter.eu\/blog\/wp-content\/uploads\/2013\/11\/Mini-T\u00fcrverkleidung-hinten-150x106.png 150w, https:\/\/www.radio-adapter.eu\/blog\/wp-content\/uploads\/2013\/11\/Mini-T\u00fcrverkleidung-hinten-300x212.png 300w\" sizes=\"auto, (max-width: 600px) 100vw, 600px\" \/><\/a><figcaption id=\"caption-attachment-1963\" class=\"wp-caption-text\">BMW Mini T\u00fcrverkleidung hinten entfernen<\/figcaption><\/figure>\n<p><strong>Hinten im Fond ist der gleiche Ablauf bei der T\u00fcrverkleidung!<\/strong> <strong>Mit dem Hebelwerkzeug die Verkleidung aushebeln!<\/strong><\/p>\n<h2>Optionen:<\/h2>\n<ul>\n<li>\n<h4>Original ist ein 2 Wege System mit Tieft\u00f6ner und Hocht\u00f6ner verbaut!<\/h4>\n<\/li>\n<li>\n<h4>Wenn man ganz wenig Aufwand betreiben m\u00f6chte kann man auch nur den Tieft\u00f6ner falls der kaputt ist austauschen<\/h4>\n<\/li>\n<\/ul>\n<h3 class=\"MsoNormal\">Der Austausch gegen Hochwertige Lautsprecher zahlt sich aus, der Arbeitsaufwand wird dann noch gerechtfertigter!<\/h3>\n<p>\u00a0<\/p>\n<h2>\u00a0<\/h2>\n<h2><strong>Komplettset f\u00fcr vorne und hinten! Modell BMW Mini R50, R53 alle au\u00dfer R52 bis 2016<br \/><\/strong><\/h2>\n<h2><strong>\u00a0<\/strong><\/h2>\n<p><a href=\"http:\/\/www.radio-adapter.eu\/blog\/produkt\/bmw-mini-r50-r53-lautsprecher-vorne-und-hinten\/\" target=\"_blank\" rel=\"noopener noreferrer\"><img loading=\"lazy\" decoding=\"async\" width=\"480\" height=\"436\" class=\"alignalignnone size-full wp-image-8718\" src=\"http:\/\/www.radio-adapter.eu\/blog\/wp-content\/uploads\/2015\/06\/BMW-Mini-R50-R53-Lautsprecher-vorne-und-hinten-1.jpg\" \/><\/a><\/p>\n<h2>Wenn man das Soundsystem richtig aufr\u00fcsten m\u00f6chte!<\/h2>\n<h2>Oberklasse Lautsprecher vorne, hinten Cabrio R52<\/h2>\n<p><a href=\"http:\/\/www.radio-adapter.eu\/blog\/produkt\/bmw-mini-r52-lautsprecher-komplettes-einbauset\/\" target=\"_blank\" rel=\"noopener noreferrer\"><img loading=\"lazy\" decoding=\"async\" width=\"480\" height=\"436\" class=\"alignalignnone size-full wp-image-8716\" src=\"http:\/\/www.radio-adapter.eu\/blog\/wp-content\/uploads\/2015\/07\/BMW-Mini-R52-Lautsprecher-Komplettes-Einbauset-1.jpg\" \/><\/a><\/p>\n<p>\u00a0<\/p>\n<p><span style=\"border-radius: 2px; text-indent: 20px; width: auto; padding: 0px 4px 0px 0px; text-align: center; font: bold 11px\/20px 'Helvetica Neue',Helvetica,sans-serif; color: #ffffff; background: #bd081c no-repeat scroll 3px 50% \/ 14px 14px; position: absolute; opacity: 0.85; z-index: 8675309; display: none; cursor: pointer; top: 4585px; left: 20px;\">Merken<\/span><\/p>\n<p><span style=\"border-radius: 2px; text-indent: 20px; width: auto; padding: 0px 4px 0px 0px; text-align: center; font: bold 11px\/20px 'Helvetica Neue',Helvetica,sans-serif; color: #ffffff; background: #bd081c no-repeat scroll 3px 50% \/ 14px 14px; position: absolute; opacity: 0.85; z-index: 8675309; display: none; cursor: pointer; top: 8978px; left: 20px;\">Merken<\/span><\/p>\n<p><span style=\"border-radius: 2px; text-indent: 20px; width: auto; padding: 0px 4px 0px 0px; text-align: center; font: bold 11px\/20px 'Helvetica Neue',Helvetica,sans-serif; color: #ffffff; background: #bd081c no-repeat scroll 3px 50% \/ 14px 14px; position: absolute; opacity: 0.85; z-index: 8675309; display: none; cursor: pointer; top: 8978px; left: 20px;\">Merken<\/span><\/p>\n<p><span style=\"border-radius: 2px; text-indent: 20px; width: auto; padding: 0px 4px 0px 0px; text-align: center; font: bold 11px\/20px 'Helvetica Neue',Helvetica,sans-serif; color: #ffffff; background: #bd081c no-repeat scroll 3px 50% \/ 14px 14px; position: absolute; opacity: 0.85; z-index: 8675309; display: none; cursor: pointer; top: 11174px; left: 20px;\">Merken<\/span><\/p>\n\n\n<figure class=\"wp-block-image\"><a href=\"https:\/\/auto-lautsprecher.eu\/product\/bmw-mini-1-2-generation-lautsprecher-front-und-heckbereich\/\" target=\"_blank\" rel=\"noreferrer noopener\"><img loading=\"lazy\" decoding=\"async\" width=\"567\" height=\"482\" src=\"http:\/\/www.radio-adapter.eu\/blog\/wp-content\/uploads\/2013\/11\/BMW-Mini-R50-R53-Lautsprecher-Testsieger-vorne-hinten-CK165L-ESC690.jpg\" alt=\"\" class=\"wp-image-9116\" srcset=\"https:\/\/www.radio-adapter.eu\/blog\/wp-content\/uploads\/2013\/11\/BMW-Mini-R50-R53-Lautsprecher-Testsieger-vorne-hinten-CK165L-ESC690.jpg 567w, https:\/\/www.radio-adapter.eu\/blog\/wp-content\/uploads\/2013\/11\/BMW-Mini-R50-R53-Lautsprecher-Testsieger-vorne-hinten-CK165L-ESC690-510x434.jpg 510w, https:\/\/www.radio-adapter.eu\/blog\/wp-content\/uploads\/2013\/11\/BMW-Mini-R50-R53-Lautsprecher-Testsieger-vorne-hinten-CK165L-ESC690-236x201.jpg 236w, https:\/\/www.radio-adapter.eu\/blog\/wp-content\/uploads\/2013\/11\/BMW-Mini-R50-R53-Lautsprecher-Testsieger-vorne-hinten-CK165L-ESC690-300x255.jpg 300w, https:\/\/www.radio-adapter.eu\/blog\/wp-content\/uploads\/2013\/11\/BMW-Mini-R50-R53-Lautsprecher-Testsieger-vorne-hinten-CK165L-ESC690-151x128.jpg 151w, https:\/\/www.radio-adapter.eu\/blog\/wp-content\/uploads\/2013\/11\/BMW-Mini-R50-R53-Lautsprecher-Testsieger-vorne-hinten-CK165L-ESC690-275x234.jpg 275w, https:\/\/www.radio-adapter.eu\/blog\/wp-content\/uploads\/2013\/11\/BMW-Mini-R50-R53-Lautsprecher-Testsieger-vorne-hinten-CK165L-ESC690-480x408.jpg 480w\" sizes=\"auto, (max-width: 567px) 100vw, 567px\" \/><\/a><\/figure>\n\n\n\n<figure class=\"wp-block-image\"><a href=\"https:\/\/auto-lautsprecher.eu\/product\/bmw-mini-generation-1-2-lautsprecher-fuer-vordere-tueren\/\" target=\"_blank\" rel=\"noreferrer noopener\"><img loading=\"lazy\" decoding=\"async\" width=\"567\" height=\"482\" src=\"http:\/\/www.radio-adapter.eu\/blog\/wp-content\/uploads\/2020\/01\/BMW-Mini-Cooper-R50-R52-R53-Lautsprecher-vordere-T\u00fcren-CK165L.jpg\" alt=\"\" class=\"wp-image-9117\" srcset=\"https:\/\/www.radio-adapter.eu\/blog\/wp-content\/uploads\/2020\/01\/BMW-Mini-Cooper-R50-R52-R53-Lautsprecher-vordere-T\u00fcren-CK165L.jpg 567w, https:\/\/www.radio-adapter.eu\/blog\/wp-content\/uploads\/2020\/01\/BMW-Mini-Cooper-R50-R52-R53-Lautsprecher-vordere-T\u00fcren-CK165L-510x434.jpg 510w, https:\/\/www.radio-adapter.eu\/blog\/wp-content\/uploads\/2020\/01\/BMW-Mini-Cooper-R50-R52-R53-Lautsprecher-vordere-T\u00fcren-CK165L-236x201.jpg 236w, https:\/\/www.radio-adapter.eu\/blog\/wp-content\/uploads\/2020\/01\/BMW-Mini-Cooper-R50-R52-R53-Lautsprecher-vordere-T\u00fcren-CK165L-300x255.jpg 300w, https:\/\/www.radio-adapter.eu\/blog\/wp-content\/uploads\/2020\/01\/BMW-Mini-Cooper-R50-R52-R53-Lautsprecher-vordere-T\u00fcren-CK165L-151x128.jpg 151w, https:\/\/www.radio-adapter.eu\/blog\/wp-content\/uploads\/2020\/01\/BMW-Mini-Cooper-R50-R52-R53-Lautsprecher-vordere-T\u00fcren-CK165L-275x234.jpg 275w, https:\/\/www.radio-adapter.eu\/blog\/wp-content\/uploads\/2020\/01\/BMW-Mini-Cooper-R50-R52-R53-Lautsprecher-vordere-T\u00fcren-CK165L-480x408.jpg 480w\" sizes=\"auto, (max-width: 567px) 100vw, 567px\" \/><\/a><\/figure>\n","protected":false},"excerpt":{"rendered":"<p>BMW Mini One ab 2001: Lautsprecher tauschen! Modelle dreit\u00fcrig One \/ One D \/ Cooper \/ Cooper D \/ Cooper S \/ Cooper SD\/JCW R50, R52, R53, R56, \u00a0 Was tun wenn der Lautsprecher kratzt oder defekt ist, teure Werkstatt oder selber machen? Beim BMW Mini ab 2001\u00a0 ist der Lautsprecher wechsel ohne Werkstatt m\u00f6glich. [&#8230;]\n","protected":false},"author":2,"featured_media":8925,"comment_status":"open","ping_status":"open","sticky":false,"template":"","format":"standard","meta":{"jetpack_post_was_ever_published":false,"_jetpack_newsletter_access":"","_jetpack_dont_email_post_to_subs":false,"_jetpack_newsletter_tier_id":0,"_jetpack_memberships_contains_paywalled_content":false,"_jetpack_memberships_contains_paid_content":false,"footnotes":"","jetpack_publicize_message":"","jetpack_publicize_feature_enabled":true,"jetpack_social_post_already_shared":true,"jetpack_social_options":{"image_generator_settings":{"template":"highway","default_image_id":0,"font":"","enabled":false},"version":2}},"categories":[1,2134,2048],"tags":[1956,1957,2040,2039,1966,1967,1962,2041,1963,1961,1965,1968,1964,1958,1959,1960,1976,1972,1970,1973,1974,1975,1971,2016,1969],"class_list":["post-1945","post","type-post","status-publish","format-standard","has-post-thumbnail","hentry","category-allgemein","category-bmw-lautsprecher-einbau","category-wie-kann-ich-auto-lautsprecher-einbauen","tag-auto-lautsprecher-hilfe-bmw-mini-one","tag-bmw-mini-hochtoener-wechseln","tag-bmw-mini-one-boxen-kaputt","tag-bmw-mini-one-boxen-kratzen","tag-bmw-mini-one-einbauanleitung-lautsprecher","tag-bmw-mini-one-hochtoener-ausbauen","tag-bmw-mini-one-lautsprecher-einbauen","tag-bmw-mini-one-lautsprecher-groesse","tag-bmw-mini-one-lautsprecher-tausch","tag-bmw-mini-one-tuere-entfernen","tag-bmw-mini-one-tuergriff-entfernen","tag-bmw-mini-one-tuerverkleidung-ausbauen","tag-bmw-mini-one-tuerverkleidung-entfernen","tag-kaputte-lautsprecher-bmw-mini-one-was-nun","tag-lautsprecher-ausbauen-bmw-mini-one","tag-lautsprecher-wechseln-mini-one","tag-mini-cooper-lautsprecher-tausch","tag-mini-r50-lautsprecher-tausch","tag-mini-r50-tuerverkleidung-ausbauen","tag-mini-r52-lautsprecher-tausch","tag-mini-r53-lautsprecher-tausch","tag-mini-r56-lautsprecher-tausch","tag-mini-tuerverkleidung-hinten-entfernen","tag-welche-boxen-fuer-auto","tag-welche-lautsprecher-fuer-bmw-mini-one"],"jetpack_publicize_connections":[],"jetpack_featured_media_url":"https:\/\/www.radio-adapter.eu\/blog\/wp-content\/uploads\/2013\/11\/BMW-Mini-anleitung-Lautsprecher-tauschen.jpg","jetpack_shortlink":"https:\/\/wp.me\/p3srli-vn","jetpack_sharing_enabled":true,"jetpack_likes_enabled":true,"_links":{"self":[{"href":"https:\/\/www.radio-adapter.eu\/blog\/wp-json\/wp\/v2\/posts\/1945","targetHints":{"allow":["GET"]}}],"collection":[{"href":"https:\/\/www.radio-adapter.eu\/blog\/wp-json\/wp\/v2\/posts"}],"about":[{"href":"https:\/\/www.radio-adapter.eu\/blog\/wp-json\/wp\/v2\/types\/post"}],"author":[{"embeddable":true,"href":"https:\/\/www.radio-adapter.eu\/blog\/wp-json\/wp\/v2\/users\/2"}],"replies":[{"embeddable":true,"href":"https:\/\/www.radio-adapter.eu\/blog\/wp-json\/wp\/v2\/comments?post=1945"}],"version-history":[{"count":4,"href":"https:\/\/www.radio-adapter.eu\/blog\/wp-json\/wp\/v2\/posts\/1945\/revisions"}],"predecessor-version":[{"id":11715,"href":"https:\/\/www.radio-adapter.eu\/blog\/wp-json\/wp\/v2\/posts\/1945\/revisions\/11715"}],"wp:featuredmedia":[{"embeddable":true,"href":"https:\/\/www.radio-adapter.eu\/blog\/wp-json\/wp\/v2\/media\/8925"}],"wp:attachment":[{"href":"https:\/\/www.radio-adapter.eu\/blog\/wp-json\/wp\/v2\/media?parent=1945"}],"wp:term":[{"taxonomy":"category","embeddable":true,"href":"https:\/\/www.radio-adapter.eu\/blog\/wp-json\/wp\/v2\/categories?post=1945"},{"taxonomy":"post_tag","embeddable":true,"href":"https:\/\/www.radio-adapter.eu\/blog\/wp-json\/wp\/v2\/tags?post=1945"}],"curies":[{"name":"wp","href":"https:\/\/api.w.org\/{rel}","templated":true}]}}