{"id":1910,"date":"2013-11-15T16:57:29","date_gmt":"2013-11-15T15:57:29","guid":{"rendered":"http:\/\/www.radio-adapter.eu\/blog\/?p=1910"},"modified":"2019-07-18T14:42:28","modified_gmt":"2019-07-18T12:42:28","slug":"lautsprecher-wechsel-mercedes-c-vorne","status":"publish","type":"post","link":"https:\/\/www.radio-adapter.eu\/blog\/2013\/11\/15\/lautsprecher-wechsel-mercedes-c-vorne\/","title":{"rendered":"Lautsprecher wechsel Mercedes C vorne"},"content":{"rendered":"<h2><b>Mercedes C Baureihe 203 (2000\u20132007): Lautsprecher tauschen! Lautsprecher wechsel Mercedes C vorne<\/b><\/h2>\n<h2>Modelle Limousine, T-Modelle vordere T\u00fcren<\/h2>\n<p>&nbsp;<\/p>\n<h3>Was tun wenn der Lautsprecher kratzt oder defekt ist, teure Werkstatt oder selber machen?<\/h3>\n<p>Beim <strong><b>Mercedes C W203<\/b><\/strong> ab 2000 &#8211; 2007 ist der Lautsprecher wechsel ohne Werkstatt m\u00f6glich. Man braucht nat\u00fcrlich entsprechenden Werkzeug sowie eine <a title=\"Mercedes C Lautsprecher\" href=\"http:\/\/www.car-hifi-radio-adapter.eu\/autolautsprecher\/mercedes\/c-klasse\/\" target=\"_blank\" rel=\"noopener\">Mercedes C Lautsprecher<\/a>, der Einbau ist f\u00fcr Do-it-yourself Bastler ohne Werkstattkosten machbar.<\/p>\n<p>Mit dem neuen Lautsprechern kann auch gleich der Sound verbessert werden!<\/p>\n<p>&nbsp;<\/p>\n<h3>Was ist zu tun!<\/h3>\n<ul>\n<li><strong>Die T\u00fcrverkleidung ist auf jeden Fall zu entfernen<\/strong><\/li>\n<li><b>Ausbauwerkzeug T\u00fcrverkleidung:\u00a0 Sch<\/b><b>raubenzieher, Torx Schraubendreher Set, Hebel!<\/b><\/li>\n<\/ul>\n<p>&nbsp;<\/p>\n<p><a href=\"http:\/\/www.radio-adapter.eu\/blog\/wp-content\/uploads\/2013\/11\/Mercedes-C-2000-2007.jpg\"><img loading=\"lazy\" decoding=\"async\" class=\"alignnone size-full wp-image-1911\" src=\"http:\/\/www.radio-adapter.eu\/blog\/wp-content\/uploads\/2013\/11\/Mercedes-C-2000-2007.jpg\" alt=\"Mercedes-C-2000-2007\" width=\"640\" height=\"480\" srcset=\"https:\/\/www.radio-adapter.eu\/blog\/wp-content\/uploads\/2013\/11\/Mercedes-C-2000-2007.jpg 640w, https:\/\/www.radio-adapter.eu\/blog\/wp-content\/uploads\/2013\/11\/Mercedes-C-2000-2007-510x383.jpg 510w, https:\/\/www.radio-adapter.eu\/blog\/wp-content\/uploads\/2013\/11\/Mercedes-C-2000-2007-150x113.jpg 150w, https:\/\/www.radio-adapter.eu\/blog\/wp-content\/uploads\/2013\/11\/Mercedes-C-2000-2007-300x225.jpg 300w, https:\/\/www.radio-adapter.eu\/blog\/wp-content\/uploads\/2013\/11\/Mercedes-C-2000-2007-600x450.jpg 600w\" sizes=\"auto, (max-width: 640px) 100vw, 640px\" \/><\/a><\/p>\n<p><!--more--><\/p>\n<figure id=\"attachment_1913\" aria-describedby=\"caption-attachment-1913\" style=\"width: 600px\" class=\"wp-caption alignnone\"><a href=\"http:\/\/www.radio-adapter.eu\/blog\/wp-content\/uploads\/2013\/11\/Mercedes-C-W203-Lautsprecher-vorne.png\"><img loading=\"lazy\" decoding=\"async\" class=\"size-full wp-image-1913\" src=\"http:\/\/www.radio-adapter.eu\/blog\/wp-content\/uploads\/2013\/11\/Mercedes-C-W203-Lautsprecher-vorne.png\" alt=\"Mercedes-C-W203-Lautsprecher-vorne\" width=\"600\" height=\"566\" srcset=\"https:\/\/www.radio-adapter.eu\/blog\/wp-content\/uploads\/2013\/11\/Mercedes-C-W203-Lautsprecher-vorne.png 600w, https:\/\/www.radio-adapter.eu\/blog\/wp-content\/uploads\/2013\/11\/Mercedes-C-W203-Lautsprecher-vorne-510x481.png 510w, https:\/\/www.radio-adapter.eu\/blog\/wp-content\/uploads\/2013\/11\/Mercedes-C-W203-Lautsprecher-vorne-150x142.png 150w, https:\/\/www.radio-adapter.eu\/blog\/wp-content\/uploads\/2013\/11\/Mercedes-C-W203-Lautsprecher-vorne-300x283.png 300w\" sizes=\"auto, (max-width: 600px) 100vw, 600px\" \/><\/a><figcaption id=\"caption-attachment-1913\" class=\"wp-caption-text\">Original Mercedes-C-W203-Lautsprecher-vorne<\/figcaption><\/figure>\n<p>&nbsp;<\/p>\n<p>&nbsp;<\/p>\n<h3>T\u00fcrverkleidung ausbauen!<\/h3>\n<p><strong>Als erstes den T\u00fcrknopf von der Zentrallveriegelung nach oben hin abziehen!<\/strong><\/p>\n<p>&nbsp;<\/p>\n<figure id=\"attachment_1919\" aria-describedby=\"caption-attachment-1919\" style=\"width: 639px\" class=\"wp-caption alignnone\"><a href=\"http:\/\/www.radio-adapter.eu\/blog\/wp-content\/uploads\/2013\/11\/Mercedes-C-Klasse-T\u00fcrschloss.jpg\"><img loading=\"lazy\" decoding=\"async\" class=\"size-full wp-image-1919\" src=\"http:\/\/www.radio-adapter.eu\/blog\/wp-content\/uploads\/2013\/11\/Mercedes-C-Klasse-T\u00fcrschloss.jpg\" alt=\"Mercedes-C-Klasse-T\u00fcrschloss\" width=\"639\" height=\"454\" srcset=\"https:\/\/www.radio-adapter.eu\/blog\/wp-content\/uploads\/2013\/11\/Mercedes-C-Klasse-T\u00fcrschloss.jpg 639w, https:\/\/www.radio-adapter.eu\/blog\/wp-content\/uploads\/2013\/11\/Mercedes-C-Klasse-T\u00fcrschloss-510x362.jpg 510w, https:\/\/www.radio-adapter.eu\/blog\/wp-content\/uploads\/2013\/11\/Mercedes-C-Klasse-T\u00fcrschloss-150x107.jpg 150w, https:\/\/www.radio-adapter.eu\/blog\/wp-content\/uploads\/2013\/11\/Mercedes-C-Klasse-T\u00fcrschloss-300x213.jpg 300w, https:\/\/www.radio-adapter.eu\/blog\/wp-content\/uploads\/2013\/11\/Mercedes-C-Klasse-T\u00fcrschloss-600x426.jpg 600w\" sizes=\"auto, (max-width: 639px) 100vw, 639px\" \/><\/a><figcaption id=\"caption-attachment-1919\" class=\"wp-caption-text\">Mercedes C Klasse T\u00fcrschloss Schraube entfernen<\/figcaption><\/figure>\n<p><strong>T\u00fcrschloss Schraube entfernen mit Torx Schraubendreher T20 <\/strong><\/p>\n<p>&nbsp;<\/p>\n<figure id=\"attachment_1921\" aria-describedby=\"caption-attachment-1921\" style=\"width: 639px\" class=\"wp-caption alignnone\"><a href=\"http:\/\/www.radio-adapter.eu\/blog\/wp-content\/uploads\/2013\/11\/Mercedes-C-Klasse-SRS-Airbag-Schild.jpg\"><img loading=\"lazy\" decoding=\"async\" class=\"size-full wp-image-1921\" src=\"http:\/\/www.radio-adapter.eu\/blog\/wp-content\/uploads\/2013\/11\/Mercedes-C-Klasse-SRS-Airbag-Schild.jpg\" alt=\"Mercedes-C-Klasse-SRS-Airbag-Schild\" width=\"639\" height=\"454\" srcset=\"https:\/\/www.radio-adapter.eu\/blog\/wp-content\/uploads\/2013\/11\/Mercedes-C-Klasse-SRS-Airbag-Schild.jpg 639w, https:\/\/www.radio-adapter.eu\/blog\/wp-content\/uploads\/2013\/11\/Mercedes-C-Klasse-SRS-Airbag-Schild-510x362.jpg 510w, https:\/\/www.radio-adapter.eu\/blog\/wp-content\/uploads\/2013\/11\/Mercedes-C-Klasse-SRS-Airbag-Schild-150x107.jpg 150w, https:\/\/www.radio-adapter.eu\/blog\/wp-content\/uploads\/2013\/11\/Mercedes-C-Klasse-SRS-Airbag-Schild-300x213.jpg 300w, https:\/\/www.radio-adapter.eu\/blog\/wp-content\/uploads\/2013\/11\/Mercedes-C-Klasse-SRS-Airbag-Schild-600x426.jpg 600w\" sizes=\"auto, (max-width: 639px) 100vw, 639px\" \/><\/a><figcaption id=\"caption-attachment-1921\" class=\"wp-caption-text\">Mercedes C Klasse SRS Airbag Schild entfernen<\/figcaption><\/figure>\n<p><strong>Abdeckung SRS Airbag Schild aushelbeln (zum aushebeln schmaler kleiner Schraubenzieher) darunter ist eine Schraube mit Torxschraubendreher T 27 \u00f6ffnen!<\/strong><\/p>\n<p>&nbsp;<\/p>\n<figure id=\"attachment_1923\" aria-describedby=\"caption-attachment-1923\" style=\"width: 639px\" class=\"wp-caption alignnone\"><a href=\"http:\/\/www.radio-adapter.eu\/blog\/wp-content\/uploads\/2013\/11\/Mercedes-C-Klasse-T\u00fcrgriff.jpg\"><img loading=\"lazy\" decoding=\"async\" class=\"size-full wp-image-1923\" src=\"http:\/\/www.radio-adapter.eu\/blog\/wp-content\/uploads\/2013\/11\/Mercedes-C-Klasse-T\u00fcrgriff.jpg\" alt=\"Mercedes-C-Klasse-T\u00fcrgriff\" width=\"639\" height=\"454\" srcset=\"https:\/\/www.radio-adapter.eu\/blog\/wp-content\/uploads\/2013\/11\/Mercedes-C-Klasse-T\u00fcrgriff.jpg 639w, https:\/\/www.radio-adapter.eu\/blog\/wp-content\/uploads\/2013\/11\/Mercedes-C-Klasse-T\u00fcrgriff-510x362.jpg 510w, https:\/\/www.radio-adapter.eu\/blog\/wp-content\/uploads\/2013\/11\/Mercedes-C-Klasse-T\u00fcrgriff-150x107.jpg 150w, https:\/\/www.radio-adapter.eu\/blog\/wp-content\/uploads\/2013\/11\/Mercedes-C-Klasse-T\u00fcrgriff-300x213.jpg 300w, https:\/\/www.radio-adapter.eu\/blog\/wp-content\/uploads\/2013\/11\/Mercedes-C-Klasse-T\u00fcrgriff-600x426.jpg 600w\" sizes=\"auto, (max-width: 639px) 100vw, 639px\" \/><\/a><figcaption id=\"caption-attachment-1923\" class=\"wp-caption-text\">Mercedes C Klasse T\u00fcrgriff ausbauen<\/figcaption><\/figure>\n<p>&nbsp;<\/p>\n<p><strong>\u00a0Mit einem Hebelwerkzeug die obere H\u00e4lfte des T\u00fcrgriffs aushebel!<\/strong><\/p>\n<figure id=\"attachment_1925\" aria-describedby=\"caption-attachment-1925\" style=\"width: 639px\" class=\"wp-caption alignnone\"><a href=\"http:\/\/www.radio-adapter.eu\/blog\/wp-content\/uploads\/2013\/11\/Mercedes-C-Klasse-T\u00fcrgriff-abschrauben.jpg\"><img loading=\"lazy\" decoding=\"async\" class=\"size-full wp-image-1925\" src=\"http:\/\/www.radio-adapter.eu\/blog\/wp-content\/uploads\/2013\/11\/Mercedes-C-Klasse-T\u00fcrgriff-abschrauben.jpg\" alt=\"Mercedes-C-Klasse-T\u00fcrgriff-abschrauben\" width=\"639\" height=\"454\" srcset=\"https:\/\/www.radio-adapter.eu\/blog\/wp-content\/uploads\/2013\/11\/Mercedes-C-Klasse-T\u00fcrgriff-abschrauben.jpg 639w, https:\/\/www.radio-adapter.eu\/blog\/wp-content\/uploads\/2013\/11\/Mercedes-C-Klasse-T\u00fcrgriff-abschrauben-510x362.jpg 510w, https:\/\/www.radio-adapter.eu\/blog\/wp-content\/uploads\/2013\/11\/Mercedes-C-Klasse-T\u00fcrgriff-abschrauben-150x107.jpg 150w, https:\/\/www.radio-adapter.eu\/blog\/wp-content\/uploads\/2013\/11\/Mercedes-C-Klasse-T\u00fcrgriff-abschrauben-300x213.jpg 300w, https:\/\/www.radio-adapter.eu\/blog\/wp-content\/uploads\/2013\/11\/Mercedes-C-Klasse-T\u00fcrgriff-abschrauben-600x426.jpg 600w\" sizes=\"auto, (max-width: 639px) 100vw, 639px\" \/><\/a><figcaption id=\"caption-attachment-1925\" class=\"wp-caption-text\">Mercedes C Klasse T\u00fcrgriff abschrauben<\/figcaption><\/figure>\n<p><strong>Danach beide Schrauben im T\u00fcrgriff entfernen!<\/strong><\/p>\n<p>&nbsp;<\/p>\n<figure id=\"attachment_1927\" aria-describedby=\"caption-attachment-1927\" style=\"width: 639px\" class=\"wp-caption alignnone\"><a href=\"http:\/\/www.radio-adapter.eu\/blog\/wp-content\/uploads\/2013\/11\/Mercedes-C-Klasse-T\u00fcrverkleidung-ausbauen.jpg\"><img loading=\"lazy\" decoding=\"async\" class=\"size-full wp-image-1927\" src=\"http:\/\/www.radio-adapter.eu\/blog\/wp-content\/uploads\/2013\/11\/Mercedes-C-Klasse-T\u00fcrverkleidung-ausbauen.jpg\" alt=\"Mercedes-C-Klasse-T\u00fcrverkleidung-ausbauen\" width=\"639\" height=\"454\" srcset=\"https:\/\/www.radio-adapter.eu\/blog\/wp-content\/uploads\/2013\/11\/Mercedes-C-Klasse-T\u00fcrverkleidung-ausbauen.jpg 639w, https:\/\/www.radio-adapter.eu\/blog\/wp-content\/uploads\/2013\/11\/Mercedes-C-Klasse-T\u00fcrverkleidung-ausbauen-510x362.jpg 510w, https:\/\/www.radio-adapter.eu\/blog\/wp-content\/uploads\/2013\/11\/Mercedes-C-Klasse-T\u00fcrverkleidung-ausbauen-150x107.jpg 150w, https:\/\/www.radio-adapter.eu\/blog\/wp-content\/uploads\/2013\/11\/Mercedes-C-Klasse-T\u00fcrverkleidung-ausbauen-300x213.jpg 300w, https:\/\/www.radio-adapter.eu\/blog\/wp-content\/uploads\/2013\/11\/Mercedes-C-Klasse-T\u00fcrverkleidung-ausbauen-600x426.jpg 600w\" sizes=\"auto, (max-width: 639px) 100vw, 639px\" \/><\/a><figcaption id=\"caption-attachment-1927\" class=\"wp-caption-text\">Mercedes C Klasse T\u00fcrverkleidung ausbauen<\/figcaption><\/figure>\n<p><strong>Mit dem Hebelwerkzeug die Verkleidung aushebeln und nach oben hin abziehen!<\/strong><\/p>\n<p><strong>Die Verkleidung demontieren<\/strong><\/p>\n<p class=\"MsoNormal\"><strong>Die Verkleidung kann man nach oben hin abziehen vorher mit einen Hebelwerkzeug seitlich zwischen Verkleidung und T\u00fcre entlangfahren. Die Verkleidung ist an mehreren Stellen mit Befestigung Clips \u00a0eingerastet! F\u00fcr die perfekte Entriegelung empfiehlt sich ein Hebelwerkzeug<\/strong>!<\/p>\n<figure id=\"attachment_1903\" aria-describedby=\"caption-attachment-1903\" style=\"width: 600px\" class=\"wp-caption alignnone\"><a href=\"http:\/\/www.radio-adapter.eu\/blog\/wp-content\/uploads\/2013\/11\/T\u00fcr-Entriegelungswerkzeug.jpg\"><img loading=\"lazy\" decoding=\"async\" class=\"size-full wp-image-1903\" src=\"http:\/\/www.radio-adapter.eu\/blog\/wp-content\/uploads\/2013\/11\/T\u00fcr-Entriegelungswerkzeug.jpg\" alt=\"T\u00fcr-Entriegelungswerkzeug\" width=\"600\" height=\"325\" srcset=\"https:\/\/www.radio-adapter.eu\/blog\/wp-content\/uploads\/2013\/11\/T\u00fcr-Entriegelungswerkzeug.jpg 600w, https:\/\/www.radio-adapter.eu\/blog\/wp-content\/uploads\/2013\/11\/T\u00fcr-Entriegelungswerkzeug-510x276.jpg 510w, https:\/\/www.radio-adapter.eu\/blog\/wp-content\/uploads\/2013\/11\/T\u00fcr-Entriegelungswerkzeug-150x81.jpg 150w, https:\/\/www.radio-adapter.eu\/blog\/wp-content\/uploads\/2013\/11\/T\u00fcr-Entriegelungswerkzeug-300x163.jpg 300w\" sizes=\"auto, (max-width: 600px) 100vw, 600px\" \/><\/a><figcaption id=\"caption-attachment-1903\" class=\"wp-caption-text\">T\u00fcr-Entriegelungswerkzeug zum entfernen von T\u00fcrverkleidungen<\/figcaption><\/figure>\n<h3>Wie siehts hinter der T\u00fcrverkleidung aus?<\/h3>\n<p><a href=\"http:\/\/www.radio-adapter.eu\/blog\/wp-content\/uploads\/2013\/11\/Mercedes_C-T\u00fcre-innen.png\"><img loading=\"lazy\" decoding=\"async\" class=\"alignnone size-full wp-image-1918\" src=\"http:\/\/www.radio-adapter.eu\/blog\/wp-content\/uploads\/2013\/11\/Mercedes_C-T\u00fcre-innen.png\" alt=\"Mercedes_C-T\u00fcre-innen\" width=\"600\" height=\"391\" srcset=\"https:\/\/www.radio-adapter.eu\/blog\/wp-content\/uploads\/2013\/11\/Mercedes_C-T\u00fcre-innen.png 600w, https:\/\/www.radio-adapter.eu\/blog\/wp-content\/uploads\/2013\/11\/Mercedes_C-T\u00fcre-innen-510x332.png 510w, https:\/\/www.radio-adapter.eu\/blog\/wp-content\/uploads\/2013\/11\/Mercedes_C-T\u00fcre-innen-150x98.png 150w, https:\/\/www.radio-adapter.eu\/blog\/wp-content\/uploads\/2013\/11\/Mercedes_C-T\u00fcre-innen-300x196.png 300w\" sizes=\"auto, (max-width: 600px) 100vw, 600px\" \/><\/a><\/p>\n<p><strong>Der originale <a title=\"fahrzeugspezifische Lautsprecher\" href=\"http:\/\/www.radio-adapter.eu\/blog\/fahrzeugspezifische-lautsprecher\/\" target=\"_blank\" rel=\"noopener\">fahrzeugspezifische Lautsprecher<\/a> ist geschraubt, an den gleichen Stellen werden die neuen Ringe installieren! Wichtig ist ein fester Halt der Ringe das verbessert die Bassausbeute!<br \/>\n<\/strong><\/p>\n<p>&nbsp;<\/p>\n<h3>Welchen <a title=\"Mercedes C Auto Lautsprecher\" href=\"http:\/\/radio-adapter.eu\/home\/auto-lautsprecher\/mercedes\/c-klasse\/\" target=\"_blank\" rel=\"noopener\">Mercedes C Auto Lautsprecher<\/a> Adapter braucht man zu den neuen Lautsprechern?<\/h3>\n<p><a href=\"http:\/\/www.radio-adapter.eu\/blog\/wp-content\/uploads\/2013\/11\/62580.jpg\"><img loading=\"lazy\" decoding=\"async\" class=\"alignnone size-full wp-image-1915\" src=\"http:\/\/www.radio-adapter.eu\/blog\/wp-content\/uploads\/2013\/11\/62580.jpg\" alt=\"62580\" width=\"330\" height=\"330\" srcset=\"https:\/\/www.radio-adapter.eu\/blog\/wp-content\/uploads\/2013\/11\/62580.jpg 330w, https:\/\/www.radio-adapter.eu\/blog\/wp-content\/uploads\/2013\/11\/62580-247x247.jpg 247w, https:\/\/www.radio-adapter.eu\/blog\/wp-content\/uploads\/2013\/11\/62580-100x100.jpg 100w, https:\/\/www.radio-adapter.eu\/blog\/wp-content\/uploads\/2013\/11\/62580-150x150.jpg 150w, https:\/\/www.radio-adapter.eu\/blog\/wp-content\/uploads\/2013\/11\/62580-300x300.jpg 300w, https:\/\/www.radio-adapter.eu\/blog\/wp-content\/uploads\/2013\/11\/62580-200x200.jpg 200w, https:\/\/www.radio-adapter.eu\/blog\/wp-content\/uploads\/2013\/11\/62580-80x80.jpg 80w\" sizes=\"auto, (max-width: 330px) 100vw, 330px\" \/><\/a><a href=\"http:\/\/www.radio-adapter.eu\/blog\/wp-content\/uploads\/2013\/11\/52090.jpg\"><img loading=\"lazy\" decoding=\"async\" class=\"alignnone size-full wp-image-1916\" src=\"http:\/\/www.radio-adapter.eu\/blog\/wp-content\/uploads\/2013\/11\/52090.jpg\" alt=\"52090\" width=\"300\" height=\"300\" srcset=\"https:\/\/www.radio-adapter.eu\/blog\/wp-content\/uploads\/2013\/11\/52090.jpg 300w, https:\/\/www.radio-adapter.eu\/blog\/wp-content\/uploads\/2013\/11\/52090-247x247.jpg 247w, https:\/\/www.radio-adapter.eu\/blog\/wp-content\/uploads\/2013\/11\/52090-100x100.jpg 100w, https:\/\/www.radio-adapter.eu\/blog\/wp-content\/uploads\/2013\/11\/52090-150x150.jpg 150w, https:\/\/www.radio-adapter.eu\/blog\/wp-content\/uploads\/2013\/11\/52090-200x200.jpg 200w, https:\/\/www.radio-adapter.eu\/blog\/wp-content\/uploads\/2013\/11\/52090-80x80.jpg 80w\" sizes=\"auto, (max-width: 300px) 100vw, 300px\" \/><\/a><\/p>\n<h3>Einbauringe vorne \u00a0\u00a0\u00a0\u00a0\u00a0\u00a0\u00a0\u00a0\u00a0\u00a0\u00a0\u00a0\u00a0\u00a0\u00a0\u00a0\u00a0\u00a0\u00a0\u00a0\u00a0\u00a0\u00a0\u00a0\u00a0\u00a0\u00a0\u00a0\u00a0\u00a0\u00a0\u00a0\u00a0\u00a0\u00a0\u00a0\u00a0\u00a0\u00a0\u00a0\u00a0\u00a0\u00a0\u00a0\u00a0\u00a0\u00a0\u00a0\u00a0\u00a0\u00a0\u00a0\u00a0\u00a0\u00a0\u00a0\u00a0\u00a0\u00a0 Lautsprecheradapterkabel<\/h3>\n<p><a href=\"http:\/\/www.radio-adapter.eu\/blog\/wp-content\/uploads\/2013\/11\/62590.jpg\"><img loading=\"lazy\" decoding=\"async\" class=\"alignnone size-full wp-image-1931\" src=\"http:\/\/www.radio-adapter.eu\/blog\/wp-content\/uploads\/2013\/11\/62590.jpg\" alt=\"62590\" width=\"330\" height=\"330\" srcset=\"https:\/\/www.radio-adapter.eu\/blog\/wp-content\/uploads\/2013\/11\/62590.jpg 330w, https:\/\/www.radio-adapter.eu\/blog\/wp-content\/uploads\/2013\/11\/62590-247x247.jpg 247w, https:\/\/www.radio-adapter.eu\/blog\/wp-content\/uploads\/2013\/11\/62590-100x100.jpg 100w, https:\/\/www.radio-adapter.eu\/blog\/wp-content\/uploads\/2013\/11\/62590-150x150.jpg 150w, https:\/\/www.radio-adapter.eu\/blog\/wp-content\/uploads\/2013\/11\/62590-300x300.jpg 300w, https:\/\/www.radio-adapter.eu\/blog\/wp-content\/uploads\/2013\/11\/62590-200x200.jpg 200w, https:\/\/www.radio-adapter.eu\/blog\/wp-content\/uploads\/2013\/11\/62590-80x80.jpg 80w\" sizes=\"auto, (max-width: 330px) 100vw, 330px\" \/><\/a><\/p>\n<p>&nbsp;<\/p>\n<p><strong>Lautsprecherring hinten<\/strong><\/p>\n<h3>Die Einbauringe werden wieder an der gleichen Stelle verschraubt die original vorher entfernt!<\/h3>\n<p>&nbsp;<\/p>\n<h2>Der Hocht\u00f6ner:<\/h2>\n<p><a href=\"http:\/\/www.radio-adapter.eu\/blog\/wp-content\/uploads\/2013\/11\/Mercedes-C-Hochton-Spiegeldreieck.png\"><img loading=\"lazy\" decoding=\"async\" class=\"alignnone size-full wp-image-1930\" src=\"http:\/\/www.radio-adapter.eu\/blog\/wp-content\/uploads\/2013\/11\/Mercedes-C-Hochton-Spiegeldreieck.png\" alt=\"Mercedes-C-Hochton-Spiegeldreieck\" width=\"600\" height=\"437\" srcset=\"https:\/\/www.radio-adapter.eu\/blog\/wp-content\/uploads\/2013\/11\/Mercedes-C-Hochton-Spiegeldreieck.png 600w, https:\/\/www.radio-adapter.eu\/blog\/wp-content\/uploads\/2013\/11\/Mercedes-C-Hochton-Spiegeldreieck-510x371.png 510w, https:\/\/www.radio-adapter.eu\/blog\/wp-content\/uploads\/2013\/11\/Mercedes-C-Hochton-Spiegeldreieck-150x109.png 150w, https:\/\/www.radio-adapter.eu\/blog\/wp-content\/uploads\/2013\/11\/Mercedes-C-Hochton-Spiegeldreieck-300x219.png 300w\" sizes=\"auto, (max-width: 600px) 100vw, 600px\" \/><\/a><\/p>\n<h2><strong>Original Hocht\u00f6ner!<\/strong><\/h2>\n<p>&nbsp;<\/p>\n<p>&nbsp;<\/p>\n<p>Das Hocht\u00f6ner-Geh\u00e4use kann man aus der T\u00fcre aushebeln an der R\u00fcckseite ist der Hocht\u00f6ner eingeclipst! hier wird der neue eingebaut, auf jeden Fall sollte man den neuen einkleben damit ein sicherer Halt gew\u00e4hrleistet ist!<\/p>\n<h2><a href=\"http:\/\/www.radio-adapter.eu\/blog\/wp-content\/uploads\/2013\/10\/Hochtoener-einkleben.jpg\"><img loading=\"lazy\" decoding=\"async\" class=\"alignnone size-full wp-image-1785\" src=\"http:\/\/www.radio-adapter.eu\/blog\/wp-content\/uploads\/2013\/10\/Hochtoener-einkleben.jpg\" alt=\"Hochtoener-einkleben\" width=\"600\" height=\"489\" srcset=\"https:\/\/www.radio-adapter.eu\/blog\/wp-content\/uploads\/2013\/10\/Hochtoener-einkleben.jpg 600w, https:\/\/www.radio-adapter.eu\/blog\/wp-content\/uploads\/2013\/10\/Hochtoener-einkleben-510x416.jpg 510w, https:\/\/www.radio-adapter.eu\/blog\/wp-content\/uploads\/2013\/10\/Hochtoener-einkleben-150x122.jpg 150w, https:\/\/www.radio-adapter.eu\/blog\/wp-content\/uploads\/2013\/10\/Hochtoener-einkleben-300x245.jpg 300w\" sizes=\"auto, (max-width: 600px) 100vw, 600px\" \/><\/a><\/h2>\n<h2>Optionen:<\/h2>\n<ul>\n<li>\n<h4>Original ist ein 2 Wege System mit Tieft\u00f6ner und Hocht\u00f6ner verbaut!<\/h4>\n<\/li>\n<li>\n<h4>Wenn man ganz wenig Aufwand betreiben m\u00f6chte kann man auch nur den Tieft\u00f6ner falls der kaputt ist austauschen<\/h4>\n<\/li>\n<\/ul>\n<h3 class=\"MsoNormal\">Der Austausch gegen Hochwertige Lautsprecher zahlt sich aus, der Arbeitsaufwand wird dann noch gerechtfertigter!<\/h3>\n<h2><strong>Oberklasse vordere und hintere Einbaupl\u00e4tze<\/strong><\/p>\n<p><a href=\"http:\/\/www.radio-adapter.eu\/blog\/produkt\/mercedes-c-klasse-w-203-lautsprecher-vorne-hinten\/\" target=\"_blank\" rel=\"noopener\"><img loading=\"lazy\" decoding=\"async\" width=\"480\" height=\"436\" class=\"alignalignnone size-full wp-image-8724\" src=\"http:\/\/www.radio-adapter.eu\/blog\/wp-content\/uploads\/2015\/06\/Mercedes-C-Klasse-W-203-Lautsprecher-vorne-hinten-1.jpg\" \/><\/a><\/h2>\n<p>&nbsp;<\/p>\n<h2><strong>Wenn man nur die Tieft\u00f6ner austauschen m\u00f6chte!<\/strong><\/h2>\n<p>Mercedes C Austausch Lautsprecher JL-C2-650x<\/p>\n<figure id=\"attachment_1940\" aria-describedby=\"caption-attachment-1940\" style=\"width: 567px\" class=\"wp-caption alignnone\"><a title=\"Mercedes C Austausch Lautsprecher JL-C2-650x\" href=\"http:\/\/www.car-hifi-radio-adapter.eu\/autolautsprecher\/mercedes\/mercedes-c-klasse-w-203-auto-lautsprecher_-testsie.html\" target=\"_blank\" rel=\"noopener\"><img loading=\"lazy\" decoding=\"async\" class=\"size-full wp-image-1940\" src=\"http:\/\/www.radio-adapter.eu\/blog\/wp-content\/uploads\/2013\/11\/JL-C2-650x1.jpg\" alt=\"JL-C2-650x\" width=\"567\" height=\"482\" srcset=\"https:\/\/www.radio-adapter.eu\/blog\/wp-content\/uploads\/2013\/11\/JL-C2-650x1.jpg 567w, https:\/\/www.radio-adapter.eu\/blog\/wp-content\/uploads\/2013\/11\/JL-C2-650x1-510x434.jpg 510w, https:\/\/www.radio-adapter.eu\/blog\/wp-content\/uploads\/2013\/11\/JL-C2-650x1-150x128.jpg 150w, https:\/\/www.radio-adapter.eu\/blog\/wp-content\/uploads\/2013\/11\/JL-C2-650x1-300x255.jpg 300w\" sizes=\"auto, (max-width: 567px) 100vw, 567px\" \/><\/a><figcaption id=\"caption-attachment-1940\" class=\"wp-caption-text\">Mercedes C Austausch Lautsprecher JL-C2-650x<\/figcaption><\/figure>\n<p>&nbsp;<\/p>\n<p>&nbsp;<\/p>\n<h2><strong>Wenn man ein 2 Wege System in den vorderen T\u00fcren einbauen m\u00f6chte!<\/strong><\/h2>\n<p><a href=\"http:\/\/www.radio-adapter.eu\/blog\/produkt\/mercedes-c-w203-lautsprecher-oberklasse-vordere-tueren\/\" target=\"_blank\" rel=\"noopener\"><img loading=\"lazy\" decoding=\"async\" width=\"480\" height=\"436\" class=\"alignalignnone size-full wp-image-8722\" src=\"http:\/\/www.radio-adapter.eu\/blog\/wp-content\/uploads\/2016\/04\/Mercedes-C-W203-Lautsprecher-Oberklasse-vordere-T\u00fcren-1.jpg\" \/><\/a><\/p>\n<h2><strong>Topsystem 2 Wege System vorne und hinten!<\/strong><\/h2>\n<figure id=\"attachment_1938\" aria-describedby=\"caption-attachment-1938\" style=\"width: 567px\" class=\"wp-caption alignnone\"><a title=\"Mercedes C Testsieger Lautsprecher JL-C2-650-525set\" href=\"http:\/\/www.car-hifi-radio-adapter.eu\/autolautsprecher\/mercedes\/mercedes-c-klasse-w-203-auto-lautsprecher_-testsie2.html\" target=\"_blank\" rel=\"noopener\"><img loading=\"lazy\" decoding=\"async\" class=\"size-full wp-image-1938\" src=\"http:\/\/www.radio-adapter.eu\/blog\/wp-content\/uploads\/2013\/11\/JL-C2-650-525set1.jpg\" alt=\"JL-C2-650-525set\" width=\"567\" height=\"482\" srcset=\"https:\/\/www.radio-adapter.eu\/blog\/wp-content\/uploads\/2013\/11\/JL-C2-650-525set1.jpg 567w, https:\/\/www.radio-adapter.eu\/blog\/wp-content\/uploads\/2013\/11\/JL-C2-650-525set1-510x434.jpg 510w, https:\/\/www.radio-adapter.eu\/blog\/wp-content\/uploads\/2013\/11\/JL-C2-650-525set1-150x128.jpg 150w, https:\/\/www.radio-adapter.eu\/blog\/wp-content\/uploads\/2013\/11\/JL-C2-650-525set1-300x255.jpg 300w\" sizes=\"auto, (max-width: 567px) 100vw, 567px\" \/><\/a><figcaption id=\"caption-attachment-1938\" class=\"wp-caption-text\">Mercedes C Testsieger Lautsprecher JL-C2-650-525set<\/figcaption><\/figure>\n<p>&nbsp;<\/p>\n<p>&nbsp;<\/p>\n<p>&nbsp;<\/p>\n<p>&nbsp;<\/p>\n<h3>Zus\u00e4tzliche Empfehlung die T\u00fcre bei dieser Gelegenheit gleich D\u00e4mmen!<\/h3>\n<p>&nbsp;<\/p>\n<p>&nbsp;<\/p>\n<p>&nbsp;<\/p>\n<p>&nbsp;<\/p>\n","protected":false},"excerpt":{"rendered":"<p>Mercedes C Baureihe 203 (2000\u20132007): Lautsprecher tauschen! Lautsprecher wechsel Mercedes C vorne Modelle Limousine, T-Modelle vordere T\u00fcren &nbsp; Was tun wenn der Lautsprecher kratzt oder defekt ist, teure Werkstatt oder selber machen? Beim Mercedes C W203 ab 2000 &#8211; 2007 ist der Lautsprecher wechsel ohne Werkstatt m\u00f6glich. Man braucht nat\u00fcrlich entsprechenden Werkzeug sowie eine Mercedes [&#8230;]\n","protected":false},"author":2,"featured_media":3553,"comment_status":"open","ping_status":"open","sticky":false,"template":"","format":"standard","meta":{"jetpack_post_was_ever_published":false,"_jetpack_newsletter_access":"","_jetpack_dont_email_post_to_subs":false,"_jetpack_newsletter_tier_id":0,"_jetpack_memberships_contains_paywalled_content":false,"_jetpack_memberships_contains_paid_content":false,"footnotes":"","jetpack_publicize_message":"","jetpack_publicize_feature_enabled":true,"jetpack_social_post_already_shared":true,"jetpack_social_options":{"image_generator_settings":{"template":"highway","default_image_id":0,"font":"","enabled":false},"version":2}},"categories":[1,3,2132,2048],"tags":[1949,1947,1948,1946,1944,2037,2036,2038,1955,1941,1942,1943,1951,1952,1953,1950,1954,1940,2016,1945],"class_list":["post-1910","post","type-post","status-publish","format-standard","has-post-thumbnail","hentry","category-allgemein","category-autoradio-einbauhilfe","category-mercedes-lautsprecher-einbau","category-wie-kann-ich-auto-lautsprecher-einbauen","tag-auto-lautsprecher-hilfe-mercedes","tag-hochtoener-im-spiegeldreieck-wechseln","tag-kaputte-lautsprecher-mercedes-c-was-nun","tag-lautsprecher-ausbauen-mercedes-c-klasse","tag-lautsprecher-wechseln-mercedes-w203","tag-mercedes-c-boxen-kaputt","tag-mercedes-c-boxen-kratzen","tag-mercedes-c-lautsprecher-groesse","tag-mercedes-c-tuergriff-entfernen","tag-mercedes-c180-lautsprecher-einbauen","tag-mercedes-c200-lautsprecher-einbauen","tag-mercedes-c230-lautsprecher-einbauen","tag-mercedes-c240-lautsprecher-einbauen","tag-mercedes-c280-lautsprecher-einbauen","tag-mercedes-c320-lautsprecher-einbauen","tag-mercedes-einbauanleitung-lautsprecher","tag-mercedes-hochtoener-ausbauen","tag-mercedes-tuerverkleidung-ausbauen","tag-welche-boxen-fuer-auto","tag-welche-lautsprecher-fuer-mercedes-w203"],"jetpack_publicize_connections":[],"jetpack_featured_media_url":"https:\/\/www.radio-adapter.eu\/blog\/wp-content\/uploads\/2013\/11\/Lautsprecher-wechsel-Mercedes-C-vorne.jpg","jetpack_shortlink":"https:\/\/wp.me\/p3srli-uO","jetpack_sharing_enabled":true,"jetpack_likes_enabled":true,"_links":{"self":[{"href":"https:\/\/www.radio-adapter.eu\/blog\/wp-json\/wp\/v2\/posts\/1910","targetHints":{"allow":["GET"]}}],"collection":[{"href":"https:\/\/www.radio-adapter.eu\/blog\/wp-json\/wp\/v2\/posts"}],"about":[{"href":"https:\/\/www.radio-adapter.eu\/blog\/wp-json\/wp\/v2\/types\/post"}],"author":[{"embeddable":true,"href":"https:\/\/www.radio-adapter.eu\/blog\/wp-json\/wp\/v2\/users\/2"}],"replies":[{"embeddable":true,"href":"https:\/\/www.radio-adapter.eu\/blog\/wp-json\/wp\/v2\/comments?post=1910"}],"version-history":[{"count":2,"href":"https:\/\/www.radio-adapter.eu\/blog\/wp-json\/wp\/v2\/posts\/1910\/revisions"}],"predecessor-version":[{"id":9130,"href":"https:\/\/www.radio-adapter.eu\/blog\/wp-json\/wp\/v2\/posts\/1910\/revisions\/9130"}],"wp:featuredmedia":[{"embeddable":true,"href":"https:\/\/www.radio-adapter.eu\/blog\/wp-json\/wp\/v2\/media\/3553"}],"wp:attachment":[{"href":"https:\/\/www.radio-adapter.eu\/blog\/wp-json\/wp\/v2\/media?parent=1910"}],"wp:term":[{"taxonomy":"category","embeddable":true,"href":"https:\/\/www.radio-adapter.eu\/blog\/wp-json\/wp\/v2\/categories?post=1910"},{"taxonomy":"post_tag","embeddable":true,"href":"https:\/\/www.radio-adapter.eu\/blog\/wp-json\/wp\/v2\/tags?post=1910"}],"curies":[{"name":"wp","href":"https:\/\/api.w.org\/{rel}","templated":true}]}}