{"id":1851,"date":"2013-11-13T14:58:37","date_gmt":"2013-11-13T13:58:37","guid":{"rendered":"http:\/\/www.radio-adapter.eu\/blog\/?p=1851"},"modified":"2022-05-14T20:57:00","modified_gmt":"2022-05-14T18:57:00","slug":"lautsprecher-wechsel-opel-corsa-c","status":"publish","type":"post","link":"https:\/\/www.radio-adapter.eu\/blog\/2013\/11\/13\/lautsprecher-wechsel-opel-corsa-c\/","title":{"rendered":"Lautsprecher wechsel Opel Corsa C"},"content":{"rendered":"<h1><b>Opel Corsa C Drei oder F\u00fcnft\u00fcrig: Lautsprecher tauschen!<\/b><\/h1>\n<p>\u00a0<\/p>\n<h3>Was tun wenn der Lautsprecher kratzt oder defekt ist, teure Werkstatt oder selber machen?<\/h3>\n<p>Beim <strong>Opel Corsa C<\/strong> ab 2000 &#8211; 2006 ist der Lautsprecher wechsel ohne Werkstatt m\u00f6glich. Man braucht nat\u00fcrlich entsprechendes Werkzeug, der Einbau der <a href=\"https:\/\/auto-lautsprecher.eu\/product-category\/opel-auto-lautsprecher\/opel-corsa-lautsprecher\/\" target=\"_blank\" rel=\"noopener\">Opel Corsa Lautsprecher<\/a> ist f\u00fcr Do-it-yourself Bastler ohne Kosten f\u00fcr die Werkstatt machbar.<\/p>\n<p>Mit dem neuen Lautsprechern kann auch gleich der Sound verbessert werden!<\/p>\n<p>Den Opel corsa C gibt es in verschiedene Karosserieformen Drei und F\u00fcnft\u00fcrig mit 6 Lautsprechern.<\/p>\n<h3>Was ist zu tun!<\/h3>\n<ul>\n<li><strong>Die T\u00fcrverkleidung ist auf jeden Fall zu entfernen<\/strong><\/li>\n<li><b>Ausbauwerkzeug T\u00fcrverkleidung:\u00a0 Sch<\/b><b>raubenzieher, Torxschraubenzieher, Hebel!<\/b><\/li>\n<\/ul>\n<p><!--more--><\/p>\n<p><a href=\"http:\/\/www.radio-adapter.eu\/blog\/wp-content\/uploads\/2013\/11\/CorsaCvorne.jpg\"><img loading=\"lazy\" decoding=\"async\" class=\"alignnone size-full wp-image-1857\" src=\"http:\/\/www.radio-adapter.eu\/blog\/wp-content\/uploads\/2013\/11\/CorsaCvorne.jpg\" alt=\"CorsaCvorne\" width=\"600\" height=\"450\" srcset=\"https:\/\/www.radio-adapter.eu\/blog\/wp-content\/uploads\/2013\/11\/CorsaCvorne.jpg 600w, https:\/\/www.radio-adapter.eu\/blog\/wp-content\/uploads\/2013\/11\/CorsaCvorne-510x383.jpg 510w, https:\/\/www.radio-adapter.eu\/blog\/wp-content\/uploads\/2013\/11\/CorsaCvorne-150x113.jpg 150w, https:\/\/www.radio-adapter.eu\/blog\/wp-content\/uploads\/2013\/11\/CorsaCvorne-300x225.jpg 300w\" sizes=\"auto, (max-width: 600px) 100vw, 600px\" \/><\/a><\/p>\n<p><strong>So sieht der original Lautsprecher der eingebaut ist aus! Der Lautsprecher ist nur aus Papier gemacht!<br \/><\/strong><\/p>\n<p><a title=\"Opel Corsa C original Lautsprecher vorne\" href=\"http:\/\/www.car-hifi-radio-adapter.eu\/autolautsprecher\/opel\/corsa\/\" target=\"_blank\" rel=\"noopener noreferrer\"><img loading=\"lazy\" decoding=\"async\" class=\"size-full wp-image-1854\" src=\"http:\/\/www.radio-adapter.eu\/blog\/wp-content\/uploads\/2013\/11\/Corsa-original-Lautsprecher.png\" alt=\"Corsa-original-Lautsprecher\" width=\"300\" height=\"301\" srcset=\"https:\/\/www.radio-adapter.eu\/blog\/wp-content\/uploads\/2013\/11\/Corsa-original-Lautsprecher.png 300w, https:\/\/www.radio-adapter.eu\/blog\/wp-content\/uploads\/2013\/11\/Corsa-original-Lautsprecher-247x247.png 247w, https:\/\/www.radio-adapter.eu\/blog\/wp-content\/uploads\/2013\/11\/Corsa-original-Lautsprecher-100x100.png 100w, https:\/\/www.radio-adapter.eu\/blog\/wp-content\/uploads\/2013\/11\/Corsa-original-Lautsprecher-150x150.png 150w, https:\/\/www.radio-adapter.eu\/blog\/wp-content\/uploads\/2013\/11\/Corsa-original-Lautsprecher-299x300.png 299w, https:\/\/www.radio-adapter.eu\/blog\/wp-content\/uploads\/2013\/11\/Corsa-original-Lautsprecher-200x200.png 200w, https:\/\/www.radio-adapter.eu\/blog\/wp-content\/uploads\/2013\/11\/Corsa-original-Lautsprecher-80x80.png 80w\" sizes=\"auto, (max-width: 300px) 100vw, 300px\" \/><\/a><\/p>\n<figure id=\"attachment_1855\" aria-describedby=\"caption-attachment-1855\" style=\"width: 300px\" class=\"wp-caption alignnone\"><a title=\"Opel Corsa C original Lautsprecher hinten\" href=\"http:\/\/radio-adapter.eu\/auto-lautsprecher\/opel\/corsa\/\" target=\"_blank\" rel=\"noopener noreferrer\"><img loading=\"lazy\" decoding=\"async\" class=\"size-full wp-image-1855\" src=\"http:\/\/www.radio-adapter.eu\/blog\/wp-content\/uploads\/2013\/11\/Corsa-original-Lautsprecher-hinten.png\" alt=\"Corsa-original-Lautsprecher-hinten\" width=\"300\" height=\"309\" srcset=\"https:\/\/www.radio-adapter.eu\/blog\/wp-content\/uploads\/2013\/11\/Corsa-original-Lautsprecher-hinten.png 300w, https:\/\/www.radio-adapter.eu\/blog\/wp-content\/uploads\/2013\/11\/Corsa-original-Lautsprecher-hinten-146x150.png 146w, https:\/\/www.radio-adapter.eu\/blog\/wp-content\/uploads\/2013\/11\/Corsa-original-Lautsprecher-hinten-291x300.png 291w\" sizes=\"auto, (max-width: 300px) 100vw, 300px\" \/><\/a><figcaption id=\"caption-attachment-1855\" class=\"wp-caption-text\">Opel Corsa C original Lautsprecher hinten<\/figcaption><\/figure>\n<p>Der originale <a title=\"fahrzeugspezifische Lautsprecher\" href=\"http:\/\/www.radio-adapter.eu\/blog\/fahrzeugspezifische-lautsprecher\/\" target=\"_blank\" rel=\"noopener noreferrer\">fahrzeugspezifische Lautsprecher<\/a> der ab Werk vorinstalliert ist.<\/p>\n<p>\u00a0<\/p>\n<h2>T\u00fcrverkleidung ausbauen!<\/h2>\n<p><a href=\"http:\/\/www.radio-adapter.eu\/blog\/wp-content\/uploads\/2013\/11\/CorsaCt\u00fcre.png\"><img loading=\"lazy\" decoding=\"async\" class=\"alignnone size-full wp-image-1862\" src=\"http:\/\/www.radio-adapter.eu\/blog\/wp-content\/uploads\/2013\/11\/CorsaCt\u00fcre.png\" alt=\"CorsaCt\u00fcre\" width=\"600\" height=\"384\" srcset=\"https:\/\/www.radio-adapter.eu\/blog\/wp-content\/uploads\/2013\/11\/CorsaCt\u00fcre.png 600w, https:\/\/www.radio-adapter.eu\/blog\/wp-content\/uploads\/2013\/11\/CorsaCt\u00fcre-510x326.png 510w, https:\/\/www.radio-adapter.eu\/blog\/wp-content\/uploads\/2013\/11\/CorsaCt\u00fcre-150x96.png 150w, https:\/\/www.radio-adapter.eu\/blog\/wp-content\/uploads\/2013\/11\/CorsaCt\u00fcre-300x192.png 300w\" sizes=\"auto, (max-width: 600px) 100vw, 600px\" \/><\/a><\/p>\n<p><strong>\u00a0<\/strong><\/p>\n<p><strong>Die T\u00fcre ist an diesen Punkten verschraubt!<br \/><\/strong><\/p>\n<p><strong>T\u00fcrgriff \u00f6ffnen<\/strong><\/p>\n<p><a href=\"http:\/\/www.radio-adapter.eu\/blog\/wp-content\/uploads\/2013\/11\/T\u00fcregriff.png\"><img loading=\"lazy\" decoding=\"async\" class=\"alignnone size-full wp-image-1868\" src=\"http:\/\/www.radio-adapter.eu\/blog\/wp-content\/uploads\/2013\/11\/T\u00fcregriff.png\" alt=\"T\u00fcregriff\" width=\"300\" height=\"203\" srcset=\"https:\/\/www.radio-adapter.eu\/blog\/wp-content\/uploads\/2013\/11\/T\u00fcregriff.png 300w, https:\/\/www.radio-adapter.eu\/blog\/wp-content\/uploads\/2013\/11\/T\u00fcregriff-150x102.png 150w\" sizes=\"auto, (max-width: 300px) 100vw, 300px\" \/><\/a><\/p>\n<p><strong>Unter dem Plastikumradung sind Schrauben zu l\u00f6sen! <\/strong><\/p>\n<p><strong>Es geht dann auch der T\u00fcrgriff ab!<\/strong><\/p>\n<p><strong>Unterhalb der Opel Corsa T\u00fcrverkleidung sind Schrauben die gel\u00f6st werden m\u00fcssen<\/strong><\/p>\n<p><a href=\"http:\/\/www.radio-adapter.eu\/blog\/wp-content\/uploads\/2013\/11\/T\u00fcre-unten.png\"><img loading=\"lazy\" decoding=\"async\" class=\"alignnone size-full wp-image-1869\" src=\"http:\/\/www.radio-adapter.eu\/blog\/wp-content\/uploads\/2013\/11\/T\u00fcre-unten.png\" alt=\"T\u00fcre-unten\" width=\"600\" height=\"133\" srcset=\"https:\/\/www.radio-adapter.eu\/blog\/wp-content\/uploads\/2013\/11\/T\u00fcre-unten.png 600w, https:\/\/www.radio-adapter.eu\/blog\/wp-content\/uploads\/2013\/11\/T\u00fcre-unten-510x113.png 510w, https:\/\/www.radio-adapter.eu\/blog\/wp-content\/uploads\/2013\/11\/T\u00fcre-unten-150x33.png 150w, https:\/\/www.radio-adapter.eu\/blog\/wp-content\/uploads\/2013\/11\/T\u00fcre-unten-300x67.png 300w\" sizes=\"auto, (max-width: 600px) 100vw, 600px\" \/><\/a><\/p>\n<p><strong>Der Teil mit dem Spiegeldreieck und dem Hocht\u00f6ner kann einzeln abmontiert werden!<\/strong><\/p>\n<p><strong>Die Verkleidung kann man nach oben hin abziehen vorher mit einen Hebelwerkzeug seitlich zwischen Verkleidung und T\u00fcre entlangfahren. Die Verkleidung ist an mehreren Stellen mit Befestigung Clips \u00a0eingerastet! F\u00fcr die perfekte Entriegelung empfiehlt sich ein Hebel Werkzeug<\/strong>!<\/p>\n<p><a href=\"http:\/\/www.radio-adapter.eu\/blog\/wp-content\/uploads\/2013\/11\/T\u00fcr-Entriegelungswerkzeug.jpg\"><img loading=\"lazy\" decoding=\"async\" class=\"alignnone size-full wp-image-1903\" src=\"http:\/\/www.radio-adapter.eu\/blog\/wp-content\/uploads\/2013\/11\/T\u00fcr-Entriegelungswerkzeug.jpg\" alt=\"T\u00fcr-Entriegelungswerkzeug\" width=\"600\" height=\"325\" srcset=\"https:\/\/www.radio-adapter.eu\/blog\/wp-content\/uploads\/2013\/11\/T\u00fcr-Entriegelungswerkzeug.jpg 600w, https:\/\/www.radio-adapter.eu\/blog\/wp-content\/uploads\/2013\/11\/T\u00fcr-Entriegelungswerkzeug-510x276.jpg 510w, https:\/\/www.radio-adapter.eu\/blog\/wp-content\/uploads\/2013\/11\/T\u00fcr-Entriegelungswerkzeug-150x81.jpg 150w, https:\/\/www.radio-adapter.eu\/blog\/wp-content\/uploads\/2013\/11\/T\u00fcr-Entriegelungswerkzeug-300x163.jpg 300w\" sizes=\"auto, (max-width: 600px) 100vw, 600px\" \/><\/a><\/p>\n<p>\u00a0<\/p>\n<p><a href=\"http:\/\/www.radio-adapter.eu\/blog\/wp-content\/uploads\/2013\/11\/Hocht\u00f6ner.png\"><img loading=\"lazy\" decoding=\"async\" class=\"alignnone size-full wp-image-1867\" src=\"http:\/\/www.radio-adapter.eu\/blog\/wp-content\/uploads\/2013\/11\/Hocht\u00f6ner.png\" alt=\"Hocht\u00f6ner\" width=\"340\" height=\"317\" srcset=\"https:\/\/www.radio-adapter.eu\/blog\/wp-content\/uploads\/2013\/11\/Hocht\u00f6ner.png 340w, https:\/\/www.radio-adapter.eu\/blog\/wp-content\/uploads\/2013\/11\/Hocht\u00f6ner-150x140.png 150w, https:\/\/www.radio-adapter.eu\/blog\/wp-content\/uploads\/2013\/11\/Hocht\u00f6ner-300x280.png 300w\" sizes=\"auto, (max-width: 340px) 100vw, 340px\" \/><\/a><\/p>\n<p><strong>\u00a0<\/strong><\/p>\n<p>\u00a0<\/p>\n<h3>Wie siehts hinter der T\u00fcrverkleidung aus?<\/h3>\n<p><strong>Die originalen <a title=\"Opel Lautsprecher\" href=\"http:\/\/www.car-hifi-radio-adapter.eu\/autolautsprecher\/opel\/\" target=\"_blank\" rel=\"noopener noreferrer\">Opel Lautsprecher<\/a> sind in einen Kunstoffrahmen angeschraubt!<br \/><\/strong><\/p>\n<p><strong><a href=\"http:\/\/www.radio-adapter.eu\/blog\/wp-content\/uploads\/2013\/11\/CorsaCt\u00fcre-innen.png\"><img loading=\"lazy\" decoding=\"async\" class=\"alignnone size-full wp-image-1863\" src=\"http:\/\/www.radio-adapter.eu\/blog\/wp-content\/uploads\/2013\/11\/CorsaCt\u00fcre-innen.png\" alt=\"CorsaCt\u00fcre-innen\" width=\"600\" height=\"322\" srcset=\"https:\/\/www.radio-adapter.eu\/blog\/wp-content\/uploads\/2013\/11\/CorsaCt\u00fcre-innen.png 600w, https:\/\/www.radio-adapter.eu\/blog\/wp-content\/uploads\/2013\/11\/CorsaCt\u00fcre-innen-510x274.png 510w, https:\/\/www.radio-adapter.eu\/blog\/wp-content\/uploads\/2013\/11\/CorsaCt\u00fcre-innen-150x81.png 150w, https:\/\/www.radio-adapter.eu\/blog\/wp-content\/uploads\/2013\/11\/CorsaCt\u00fcre-innen-300x161.png 300w\" sizes=\"auto, (max-width: 600px) 100vw, 600px\" \/><\/a><\/strong><\/p>\n<h3>Welchen <a title=\"Opel Corsa Auto Lautsprecher\" href=\"http:\/\/radio-adapter.eu\/home\/auto-lautsprecher\/opel\/corsa\/\" target=\"_blank\" rel=\"noopener noreferrer\">Opel Corsa Auto Lautsprecher<\/a> Adapter braucht man zu den neuen Lautsprechern?<\/h3>\n<figure id=\"attachment_1859\" aria-describedby=\"caption-attachment-1859\" style=\"width: 300px\" class=\"wp-caption alignnone\"><a href=\"http:\/\/www.radio-adapter.eu\/blog\/wp-content\/uploads\/2013\/11\/62650.jpg\"><img loading=\"lazy\" decoding=\"async\" class=\"size-full wp-image-1859\" src=\"http:\/\/www.radio-adapter.eu\/blog\/wp-content\/uploads\/2013\/11\/62650.jpg\" alt=\"62650\" width=\"300\" height=\"300\" srcset=\"https:\/\/www.radio-adapter.eu\/blog\/wp-content\/uploads\/2013\/11\/62650.jpg 300w, https:\/\/www.radio-adapter.eu\/blog\/wp-content\/uploads\/2013\/11\/62650-247x247.jpg 247w, https:\/\/www.radio-adapter.eu\/blog\/wp-content\/uploads\/2013\/11\/62650-100x100.jpg 100w, https:\/\/www.radio-adapter.eu\/blog\/wp-content\/uploads\/2013\/11\/62650-150x150.jpg 150w, https:\/\/www.radio-adapter.eu\/blog\/wp-content\/uploads\/2013\/11\/62650-200x200.jpg 200w, https:\/\/www.radio-adapter.eu\/blog\/wp-content\/uploads\/2013\/11\/62650-80x80.jpg 80w\" sizes=\"auto, (max-width: 300px) 100vw, 300px\" \/><\/a><figcaption id=\"caption-attachment-1859\" class=\"wp-caption-text\">Opel Corsa C Einbauringe hinten<\/figcaption><\/figure>\n<figure id=\"attachment_1860\" aria-describedby=\"caption-attachment-1860\" style=\"width: 297px\" class=\"wp-caption alignnone\"><a href=\"http:\/\/www.radio-adapter.eu\/blog\/wp-content\/uploads\/2013\/11\/52020new.jpg\"><img loading=\"lazy\" decoding=\"async\" class=\"size-full wp-image-1860\" src=\"http:\/\/www.radio-adapter.eu\/blog\/wp-content\/uploads\/2013\/11\/52020new.jpg\" alt=\"52020new\" width=\"297\" height=\"297\" srcset=\"https:\/\/www.radio-adapter.eu\/blog\/wp-content\/uploads\/2013\/11\/52020new.jpg 330w, https:\/\/www.radio-adapter.eu\/blog\/wp-content\/uploads\/2013\/11\/52020new-247x247.jpg 247w, https:\/\/www.radio-adapter.eu\/blog\/wp-content\/uploads\/2013\/11\/52020new-100x100.jpg 100w, https:\/\/www.radio-adapter.eu\/blog\/wp-content\/uploads\/2013\/11\/52020new-150x150.jpg 150w, https:\/\/www.radio-adapter.eu\/blog\/wp-content\/uploads\/2013\/11\/52020new-300x300.jpg 300w, https:\/\/www.radio-adapter.eu\/blog\/wp-content\/uploads\/2013\/11\/52020new-200x200.jpg 200w, https:\/\/www.radio-adapter.eu\/blog\/wp-content\/uploads\/2013\/11\/52020new-80x80.jpg 80w\" sizes=\"auto, (max-width: 297px) 100vw, 297px\" \/><\/a><figcaption id=\"caption-attachment-1860\" class=\"wp-caption-text\">Opel corsa C Lautsprecheradapterkabel<\/figcaption><\/figure>\n<h3>\u00a0<\/h3>\n<figure id=\"attachment_1861\" aria-describedby=\"caption-attachment-1861\" style=\"width: 301px\" class=\"wp-caption alignnone\"><a href=\"http:\/\/www.radio-adapter.eu\/blog\/wp-content\/uploads\/2013\/11\/62670.jpg\"><img loading=\"lazy\" decoding=\"async\" class=\"size-full wp-image-1861\" src=\"http:\/\/www.radio-adapter.eu\/blog\/wp-content\/uploads\/2013\/11\/62670.jpg\" alt=\"62670\" width=\"301\" height=\"301\" srcset=\"https:\/\/www.radio-adapter.eu\/blog\/wp-content\/uploads\/2013\/11\/62670.jpg 300w, https:\/\/www.radio-adapter.eu\/blog\/wp-content\/uploads\/2013\/11\/62670-247x247.jpg 247w, https:\/\/www.radio-adapter.eu\/blog\/wp-content\/uploads\/2013\/11\/62670-100x100.jpg 100w, https:\/\/www.radio-adapter.eu\/blog\/wp-content\/uploads\/2013\/11\/62670-150x150.jpg 150w, https:\/\/www.radio-adapter.eu\/blog\/wp-content\/uploads\/2013\/11\/62670-200x200.jpg 200w, https:\/\/www.radio-adapter.eu\/blog\/wp-content\/uploads\/2013\/11\/62670-80x80.jpg 80w\" sizes=\"auto, (max-width: 301px) 100vw, 301px\" \/><\/a><figcaption id=\"caption-attachment-1861\" class=\"wp-caption-text\">Opel Corsa C Einbauringe vorne<\/figcaption><\/figure>\n<h3>Die Einbauringe werden wieder an der gleichen Stelle verschraubt die original vorher entfernt!<\/h3>\n<p>\u00a0<\/p>\n<h2>Ein externer Hocht\u00f6ner: Kann am ins Spiegeldreieck verbaut werden! Dort ist auch der original Hocht\u00f6ner eingebaut!<\/h2>\n<p>\u00a0<\/p>\n<p>Das Geh\u00e4use kann man aus der T\u00fcre aushebeln! Hier wird der neue eingebaut, auf jeden Fall sollte man diesen einkleben damit ein sicherer Halt gew\u00e4hrleistet ist!<\/p>\n<h2><a href=\"http:\/\/www.radio-adapter.eu\/blog\/wp-content\/uploads\/2013\/10\/Hochtoener-einkleben.jpg\"><img loading=\"lazy\" decoding=\"async\" class=\"alignnone size-full wp-image-1785\" src=\"http:\/\/www.radio-adapter.eu\/blog\/wp-content\/uploads\/2013\/10\/Hochtoener-einkleben.jpg\" alt=\"Hochtoener-einkleben\" width=\"600\" height=\"489\" srcset=\"https:\/\/www.radio-adapter.eu\/blog\/wp-content\/uploads\/2013\/10\/Hochtoener-einkleben.jpg 600w, https:\/\/www.radio-adapter.eu\/blog\/wp-content\/uploads\/2013\/10\/Hochtoener-einkleben-510x416.jpg 510w, https:\/\/www.radio-adapter.eu\/blog\/wp-content\/uploads\/2013\/10\/Hochtoener-einkleben-150x122.jpg 150w, https:\/\/www.radio-adapter.eu\/blog\/wp-content\/uploads\/2013\/10\/Hochtoener-einkleben-300x245.jpg 300w\" sizes=\"auto, (max-width: 600px) 100vw, 600px\" \/><\/a><\/h2>\n<h2>Optionen:<\/h2>\n<ul>\n<li>\n<h4>Original ist ein <a title=\"Opel Lautsprecher\" href=\"http:\/\/radio-adapter.eu\/home\/auto-lautsprecher\/opel\/\" target=\"_blank\" rel=\"noopener noreferrer\">Opel Lautsprecher<\/a> 2 Wege System 16cm vorne verbaut!<\/h4>\n<\/li>\n<li><strong>Hinten ist ein 13 cm Koaxialsystem verbaut!<\/strong><\/li>\n<li>\n<h4>Wenn man ganz wenig Aufwand betreiben m\u00f6chte kann man auch ein 2 Wege System mit exteren Hocht\u00f6ner einbauen.<\/h4>\n<\/li>\n<\/ul>\n<h3 class=\"MsoNormal\">Der Austausch gegen Hochwertige Lautsprecher zahlt sich aus, der Arbeitsaufwand wird dann noch gerechtfertigter!<\/h3>\n<p><a href=\"http:\/\/www.radio-adapter.eu\/blog\/category\/auto-lautsprecher-einbau\/wie-kann-ich-auto-lautsprecher-einbauen\/\" target=\"_blank\" rel=\"noopener noreferrer\">Wie kann ich Auto Lautsprecher einbauen<\/a> oder ausbauen im Opel Corsa C hast du mit dieser Anleitung erfahren. Welche <a href=\"http:\/\/www.radio-adapter.eu\/blog\/produkt-kategorie\/auto-lautsprecher-einbausets\/opel-lautsprecher-einbausets\/opel-corsa-c-lautsprecher-einbausets\/\" target=\"_blank\" rel=\"noopener noreferrer\">Opel Corsa C Lautsprecher Einbausets<\/a> sollte ich einbauen? Hier gibt es verschieden Qualit\u00e4tsstufen! Grunds\u00e4tzlich kann man in jeder Preisklasse etwas einbauen nur sollte man bedenken ob sich das auszahlt den Arbeitsaufwand zu betreiben um Lautsprecher von 15 \u2013 40 Euro zu installieren, die Qualitativ schlechter sind als die originalen Opel Corsa C Lautsprecher.<\/p>\n<p>\u00a0<\/p>\n<h3><strong>Wenn man nur die Lautsprecher vorne austauschen m\u00f6chte!<\/strong><\/h3>\n<p>\u00a0<\/p>\n<h3>Wenn man ein 2 Wege System vorne und hinten einbauen m\u00f6chte!<\/h3>\n<p><a href=\"https:\/\/auto-lautsprecher.eu\/product\/opel-corsa-b-c-lautsprecher-einbauset-high-performance\/\" target=\"_blank\" rel=\"noopener noreferrer\"><img loading=\"lazy\" decoding=\"async\" width=\"567\" height=\"482\" class=\"alignalignnone size-full wp-image-8742\" src=\"http:\/\/www.radio-adapter.eu\/blog\/wp-content\/uploads\/2013\/11\/Opel-Corsa-C-Lautsprecher-vordere-und-hintere-Einbaupl\u00e4tze-C1-650-525x.jpg\" srcset=\"https:\/\/www.radio-adapter.eu\/blog\/wp-content\/uploads\/2013\/11\/Opel-Corsa-C-Lautsprecher-vordere-und-hintere-Einbaupl\u00e4tze-C1-650-525x.jpg 567w, https:\/\/www.radio-adapter.eu\/blog\/wp-content\/uploads\/2013\/11\/Opel-Corsa-C-Lautsprecher-vordere-und-hintere-Einbaupl\u00e4tze-C1-650-525x-510x434.jpg 510w, https:\/\/www.radio-adapter.eu\/blog\/wp-content\/uploads\/2013\/11\/Opel-Corsa-C-Lautsprecher-vordere-und-hintere-Einbaupl\u00e4tze-C1-650-525x-236x201.jpg 236w, https:\/\/www.radio-adapter.eu\/blog\/wp-content\/uploads\/2013\/11\/Opel-Corsa-C-Lautsprecher-vordere-und-hintere-Einbaupl\u00e4tze-C1-650-525x-300x255.jpg 300w, https:\/\/www.radio-adapter.eu\/blog\/wp-content\/uploads\/2013\/11\/Opel-Corsa-C-Lautsprecher-vordere-und-hintere-Einbaupl\u00e4tze-C1-650-525x-151x128.jpg 151w, https:\/\/www.radio-adapter.eu\/blog\/wp-content\/uploads\/2013\/11\/Opel-Corsa-C-Lautsprecher-vordere-und-hintere-Einbaupl\u00e4tze-C1-650-525x-275x234.jpg 275w, https:\/\/www.radio-adapter.eu\/blog\/wp-content\/uploads\/2013\/11\/Opel-Corsa-C-Lautsprecher-vordere-und-hintere-Einbaupl\u00e4tze-C1-650-525x-480x408.jpg 480w\" sizes=\"auto, (max-width: 567px) 100vw, 567px\" \/><\/a><\/p>\n<p>\u00a0<\/p>\n<h3>Wenn man ein 2 Wege System vorne und hinten einbauen m\u00f6chte!<\/h3>\n<p>\u00a0<\/p>\n\n\n<figure class=\"wp-block-image\"><a href=\"https:\/\/auto-lautsprecher.eu\/product\/opel-corsa-b-c-auto-lautsprecher-front-und-heck\/\" target=\"_blank\" rel=\"noreferrer noopener\"><img loading=\"lazy\" decoding=\"async\" width=\"567\" height=\"482\" src=\"http:\/\/www.radio-adapter.eu\/blog\/wp-content\/uploads\/2013\/11\/Opel-Corsa-C-Lautsprecher-vorne-hinten-Testsieger-CK165L-CK130.jpg\" alt=\"\" class=\"wp-image-9131\" srcset=\"https:\/\/www.radio-adapter.eu\/blog\/wp-content\/uploads\/2013\/11\/Opel-Corsa-C-Lautsprecher-vorne-hinten-Testsieger-CK165L-CK130.jpg 567w, https:\/\/www.radio-adapter.eu\/blog\/wp-content\/uploads\/2013\/11\/Opel-Corsa-C-Lautsprecher-vorne-hinten-Testsieger-CK165L-CK130-510x434.jpg 510w, https:\/\/www.radio-adapter.eu\/blog\/wp-content\/uploads\/2013\/11\/Opel-Corsa-C-Lautsprecher-vorne-hinten-Testsieger-CK165L-CK130-236x201.jpg 236w, https:\/\/www.radio-adapter.eu\/blog\/wp-content\/uploads\/2013\/11\/Opel-Corsa-C-Lautsprecher-vorne-hinten-Testsieger-CK165L-CK130-300x255.jpg 300w, https:\/\/www.radio-adapter.eu\/blog\/wp-content\/uploads\/2013\/11\/Opel-Corsa-C-Lautsprecher-vorne-hinten-Testsieger-CK165L-CK130-151x128.jpg 151w, https:\/\/www.radio-adapter.eu\/blog\/wp-content\/uploads\/2013\/11\/Opel-Corsa-C-Lautsprecher-vorne-hinten-Testsieger-CK165L-CK130-275x234.jpg 275w, https:\/\/www.radio-adapter.eu\/blog\/wp-content\/uploads\/2013\/11\/Opel-Corsa-C-Lautsprecher-vorne-hinten-Testsieger-CK165L-CK130-480x408.jpg 480w\" sizes=\"auto, (max-width: 567px) 100vw, 567px\" \/><\/a><\/figure>\n","protected":false},"excerpt":{"rendered":"<p>Opel Corsa C Drei oder F\u00fcnft\u00fcrig: Lautsprecher tauschen! \u00a0 Was tun wenn der Lautsprecher kratzt oder defekt ist, teure Werkstatt oder selber machen? Beim Opel Corsa C ab 2000 &#8211; 2006 ist der Lautsprecher wechsel ohne Werkstatt m\u00f6glich. Man braucht nat\u00fcrlich entsprechendes Werkzeug, der Einbau der Opel Corsa Lautsprecher ist f\u00fcr Do-it-yourself Bastler ohne Kosten [&#8230;]\n","protected":false},"author":2,"featured_media":1866,"comment_status":"open","ping_status":"open","sticky":false,"template":"","format":"standard","meta":{"jetpack_post_was_ever_published":false,"_jetpack_newsletter_access":"","_jetpack_dont_email_post_to_subs":false,"_jetpack_newsletter_tier_id":0,"_jetpack_memberships_contains_paywalled_content":false,"_jetpack_memberships_contains_paid_content":false,"footnotes":"","jetpack_publicize_message":"","jetpack_publicize_feature_enabled":true,"jetpack_social_post_already_shared":true,"jetpack_social_options":{"image_generator_settings":{"template":"highway","default_image_id":0,"font":"","enabled":false},"version":2}},"categories":[1,3,2133,2048],"tags":[1889,1890,1891,1892,1900,1901,1902,1903,1904,1905,1906,1893,1894,1895,2028,2027,1897,2029,1898,1896,1899,1907,1908,2016,1909],"class_list":["post-1851","post","type-post","status-publish","format-standard","has-post-thumbnail","hentry","category-allgemein","category-autoradio-einbauhilfe","category-opel-lautsprecher-einbau","category-wie-kann-ich-auto-lautsprecher-einbauen","tag-autolautsprecher-einbau-tipps-opel-corsa","tag-autolautsprecher-tauschen-opel-corsa-c","tag-defekte-opel-corsa-boxen-austauschen","tag-einbauhilfe-lautsprecherwechsel-opel-corsa","tag-kaputte-lautsprecher-opel-corsa-was-nun","tag-lautsprecher-defekt-opel-corsa","tag-lautsprecher-in-opel-corsa-einbauen","tag-lautsprecher-tauschen-opel-corsa-c","tag-lautsprecher-wechsel-opel-corsa-c","tag-lautsprecheraustausch-bei-opel-corsa-c","tag-lautsprechereinbau-opel-corsa-c","tag-opel-boxen-verzerren-auf-einmal","tag-opel-corsa-1998-2004-lautsprecher-vorne-wechseln","tag-opel-corsa-c","tag-opel-corsa-c-boxen-kaputt","tag-opel-corsa-c-boxen-kratzen","tag-opel-corsa-c-lautsprecher-einbau","tag-opel-corsa-c-lautsprecher-groesse","tag-opel-corsa-c-lautsprecher-tauschen-anleitung","tag-opel-corsa-c-lautsprecher-vorne","tag-opel-corsa-c-lautsprechereinbau-ohne-werkstatt","tag-orginalboxen-ersetzen-opel-corsa","tag-original-ls-im-opel-corsa-besser-gleich-tauschen","tag-welche-boxen-fuer-auto","tag-welche-lautsprecher-fuer-opel-corsa"],"jetpack_publicize_connections":[],"jetpack_featured_media_url":"https:\/\/www.radio-adapter.eu\/blog\/wp-content\/uploads\/2013\/11\/opel-corsa-c.png","jetpack_shortlink":"https:\/\/wp.me\/p3srli-tR","jetpack_sharing_enabled":true,"jetpack_likes_enabled":true,"_links":{"self":[{"href":"https:\/\/www.radio-adapter.eu\/blog\/wp-json\/wp\/v2\/posts\/1851","targetHints":{"allow":["GET"]}}],"collection":[{"href":"https:\/\/www.radio-adapter.eu\/blog\/wp-json\/wp\/v2\/posts"}],"about":[{"href":"https:\/\/www.radio-adapter.eu\/blog\/wp-json\/wp\/v2\/types\/post"}],"author":[{"embeddable":true,"href":"https:\/\/www.radio-adapter.eu\/blog\/wp-json\/wp\/v2\/users\/2"}],"replies":[{"embeddable":true,"href":"https:\/\/www.radio-adapter.eu\/blog\/wp-json\/wp\/v2\/comments?post=1851"}],"version-history":[{"count":7,"href":"https:\/\/www.radio-adapter.eu\/blog\/wp-json\/wp\/v2\/posts\/1851\/revisions"}],"predecessor-version":[{"id":11729,"href":"https:\/\/www.radio-adapter.eu\/blog\/wp-json\/wp\/v2\/posts\/1851\/revisions\/11729"}],"wp:featuredmedia":[{"embeddable":true,"href":"https:\/\/www.radio-adapter.eu\/blog\/wp-json\/wp\/v2\/media\/1866"}],"wp:attachment":[{"href":"https:\/\/www.radio-adapter.eu\/blog\/wp-json\/wp\/v2\/media?parent=1851"}],"wp:term":[{"taxonomy":"category","embeddable":true,"href":"https:\/\/www.radio-adapter.eu\/blog\/wp-json\/wp\/v2\/categories?post=1851"},{"taxonomy":"post_tag","embeddable":true,"href":"https:\/\/www.radio-adapter.eu\/blog\/wp-json\/wp\/v2\/tags?post=1851"}],"curies":[{"name":"wp","href":"https:\/\/api.w.org\/{rel}","templated":true}]}}